{"id":90640,"date":"2025-01-11T19:26:26","date_gmt":"2025-01-11T19:26:26","guid":{"rendered":"https:\/\/tvbrazilusa.com\/2025\/01\/11\/bombeiros-de-hartford-controlam-chamas-em-garagem\/"},"modified":"2025-01-11T19:33:46","modified_gmt":"2025-01-11T19:33:46","slug":"bombeiros-de-hartford-controlam-chamas-em-garagem","status":"publish","type":"post","link":"https:\/\/tvbrazilusa.com\/pt\/2025\/01\/11\/bombeiros-de-hartford-controlam-chamas-em-garagem\/","title":{"rendered":"Bombeiros de Hartford controlam chamas em garagem"},"content":{"rendered":"<script async src=\"https:\/\/pagead2.googlesyndication.com\/pagead\/js\/adsbygoogle.js?client=ca-pub-8864793242727901\"\r\n     crossorigin=\"anonymous\"><\/script>\n<p>HARTFORD, Connecticut (WTNH) \u2013 Por volta das 11h25 da manh\u00e3 de s\u00e1bado, o Corpo de Bombeiros de Hartford disse ter recebido relatos de um inc\u00eandio em uma garagem. <\/p>\n<p>Equipes chegaram ao local na Avenida Albany e disseram que encontraram uma garagem totalmente envolvida em chamas. <\/p>\n<p>Policiais disseram que as chamas foram apagadas rapidamente e controladas. <\/p>\n<p>N\u00e3o houve relatos de feridos civis ou bombeiros, e as autoridades disseram que os ocupantes puderam voltar para suas casas assim que as estruturas adjacentes foram medidas.<\/p>\n<p>Este incidente permanece sob investiga\u00e7\u00e3o.<\/p>\n<p><br \/>\n<br \/><a href=\"https:\/\/www.wtnh.com\/news\/connecticut\/hartford\/hartford-firefighters-tame-garage-flames\/\">Source link <\/a><\/p>","protected":false},"excerpt":{"rendered":"<p>HARTFORD, Connecticut (WTNH) \u2013 Por volta das 11h25 da manh\u00e3 de s\u00e1bado, o Corpo de Bombeiros de Hartford disse ter recebido relatos de um inc\u00eandio em uma garagem. Equipes chegaram&hellip;<\/p>","protected":false},"author":1,"featured_media":90641,"comment_status":"closed","ping_status":"open","sticky":false,"template":"","format":"standard","meta":{"content-type":"","footnotes":""},"categories":[1],"tags":[],"class_list":["post-90640","post","type-post","status-publish","format-standard","has-post-thumbnail","hentry","category-uncategorized"],"_links":{"self":[{"href":"https:\/\/tvbrazilusa.com\/pt\/wp-json\/wp\/v2\/posts\/90640","targetHints":{"allow":["GET"]}}],"collection":[{"href":"https:\/\/tvbrazilusa.com\/pt\/wp-json\/wp\/v2\/posts"}],"about":[{"href":"https:\/\/tvbrazilusa.com\/pt\/wp-json\/wp\/v2\/types\/post"}],"author":[{"embeddable":true,"href":"https:\/\/tvbrazilusa.com\/pt\/wp-json\/wp\/v2\/users\/1"}],"replies":[{"embeddable":true,"href":"https:\/\/tvbrazilusa.com\/pt\/wp-json\/wp\/v2\/comments?post=90640"}],"version-history":[{"count":1,"href":"https:\/\/tvbrazilusa.com\/pt\/wp-json\/wp\/v2\/posts\/90640\/revisions"}],"predecessor-version":[{"id":90642,"href":"https:\/\/tvbrazilusa.com\/pt\/wp-json\/wp\/v2\/posts\/90640\/revisions\/90642"}],"wp:featuredmedia":[{"embeddable":true,"href":"https:\/\/tvbrazilusa.com\/pt\/wp-json\/wp\/v2\/media\/90641"}],"wp:attachment":[{"href":"https:\/\/tvbrazilusa.com\/pt\/wp-json\/wp\/v2\/media?parent=90640"}],"wp:term":[{"taxonomy":"category","embeddable":true,"href":"https:\/\/tvbrazilusa.com\/pt\/wp-json\/wp\/v2\/categories?post=90640"},{"taxonomy":"post_tag","embeddable":true,"href":"https:\/\/tvbrazilusa.com\/pt\/wp-json\/wp\/v2\/tags?post=90640"}],"curies":[{"name":"wp","href":"https:\/\/api.w.org\/{rel}","templated":true}]}}