{"id":90648,"date":"2025-01-11T19:51:56","date_gmt":"2025-01-11T19:51:56","guid":{"rendered":"https:\/\/tvbrazilusa.com\/2025\/01\/11\/lei-que-proibe-uso-de-celular-nas-salas-de-aula-valera-ja-neste-ano-letivo-e-em-todos-os-niveis-de-ensino-saiba-mais-detalhes\/"},"modified":"2025-01-11T19:51:58","modified_gmt":"2025-01-11T19:51:58","slug":"lei-que-proibe-uso-de-celular-nas-salas-de-aula-valera-ja-neste-ano-letivo-e-em-todos-os-niveis-de-ensino-saiba-mais-detalhes","status":"publish","type":"post","link":"https:\/\/tvbrazilusa.com\/pt\/2025\/01\/11\/lei-que-proibe-uso-de-celular-nas-salas-de-aula-valera-ja-neste-ano-letivo-e-em-todos-os-niveis-de-ensino-saiba-mais-detalhes\/","title":{"rendered":"Lei que pro\u00edbe uso de celular nas salas de aula valer\u00e1 j\u00e1 neste ano letivo e em todos os n\u00edveis de ensino; saiba mais detalhes"},"content":{"rendered":"<p> <script async src=\"https:\/\/pagead2.googlesyndication.com\/pagead\/js\/adsbygoogle.js?client=ca-pub-8864793242727901\"\r\n     crossorigin=\"anonymous\"><\/script><br \/>\n<\/p>\n<div id=\"taboola-read-more\" style=\"display:block; width:100%\">\n<p>A recente aprova\u00e7\u00e3o da lei que pro\u00edbe o uso de celulares e equipamentos eletr\u00f4nicos em escolas p\u00fablicas e privadas do Brasil gerou um consenso in\u00e9dito no Congresso Nacional. Ivan Gontijo, gerente de pol\u00edticas educacionais da ONG Todos pela Educa\u00e7\u00e3o, destacou a import\u00e2ncia dessa medida em entrevista \u00e0 CNN Brasil.\n<\/p>\n<p>Segundo Gontijo, a lei recebeu apoio de parlamentares de diferentes espectros pol\u00edticos, do Minist\u00e9rio da Educa\u00e7\u00e3o e das redes de ensino. \u201cS\u00e3o poucos temas educacionais que conseguem um consenso t\u00e3o amplo\u201d, afirmou o especialista.<\/p>\n<p><strong>Impactos positivos na educa\u00e7\u00e3o<\/strong>\n<\/p>\n<p>A restri\u00e7\u00e3o do uso de celulares nas escolas \u00e9 vista como uma medida crucial para melhorar o aprendizado e a socializa\u00e7\u00e3o dos estudantes. Gontijo ressaltou que, desde o advento das redes sociais e do uso massivo de celulares, os resultados de aprendizagem dos alunos v\u00eam caindo, n\u00e3o apenas no Brasil, mas em todo o mundo.\n<\/p>\n<p>\u201cA escola serve para os alunos socializarem, criarem v\u00ednculos e desenvolverem habilidades socioemocionais\u201d, explicou o gerente da ONG. Ele alertou que, em escolas sem restri\u00e7\u00e3o ao uso de celulares, \u00e9 comum ver recreios silenciosos, com cada estudante isolado em seu aparelho.\n<\/p>\n<p><strong>Implementa\u00e7\u00e3o e desafios<\/strong>\n<\/p>\n<p>A lei come\u00e7ar\u00e1 a valer j\u00e1 no pr\u00f3ximo ano letivo, abrangendo todas as etapas da educa\u00e7\u00e3o b\u00e1sica. No entanto, Gontijo ressalta que a implementa\u00e7\u00e3o n\u00e3o ser\u00e1 imediata nem homog\u00eanea em todas as redes de ensino do pa\u00eds.\n<\/p>\n<p>\u201cCada escola, cada rede de ensino vai ter que criar o seu processo de adapta\u00e7\u00e3o\u201d, explicou o especialista. Ele menciona que algumas escolas j\u00e1 adotam medidas como o uso de pochetes para guardar os celulares ou a coleta dos aparelhos no in\u00edcio do dia letivo.\n<\/p>\n<p>Gontijo enfatizou que a lei n\u00e3o representa uma proibi\u00e7\u00e3o total, permitindo o uso de celulares em atividades pedag\u00f3gicas espec\u00edficas ou como ferramenta de inclus\u00e3o para alguns alunos. O desafio agora ser\u00e1 convencer os estudantes, especialmente os mais velhos, a aderirem a essa restri\u00e7\u00e3o, promovendo um ambiente escolar mais prop\u00edcio ao aprendizado e \u00e0 intera\u00e7\u00e3o social.\n<\/p>\n<p>Fonte: CNN              <\/p>\n<\/div>\n<p><br \/>\n<br \/><a href=\"https:\/\/diariodobrasilnoticias.com.br\/noticia\/lei-que-proibe-uso-de-celular-nas-salas-de-aula-valera-ja-neste-ano-letivo-e-em-todos-os-niveis-de-ensino-saiba-mais-detalhes-67829b78c13a7\">Source link <\/a><\/p>","protected":false},"excerpt":{"rendered":"<p>A recente aprova\u00e7\u00e3o da lei que pro\u00edbe o uso de celulares e equipamentos eletr\u00f4nicos em escolas p\u00fablicas e privadas do Brasil gerou um consenso in\u00e9dito no Congresso Nacional. Ivan Gontijo,&hellip;<\/p>","protected":false},"author":1,"featured_media":90649,"comment_status":"closed","ping_status":"open","sticky":false,"template":"","format":"standard","meta":{"content-type":"","footnotes":""},"categories":[16],"tags":[123,2448,5313,1267],"class_list":["post-90648","post","type-post","status-publish","format-standard","has-post-thumbnail","hentry","category-noticias","tag-brasil","tag-diario","tag-noticia","tag-noticias"],"_links":{"self":[{"href":"https:\/\/tvbrazilusa.com\/pt\/wp-json\/wp\/v2\/posts\/90648","targetHints":{"allow":["GET"]}}],"collection":[{"href":"https:\/\/tvbrazilusa.com\/pt\/wp-json\/wp\/v2\/posts"}],"about":[{"href":"https:\/\/tvbrazilusa.com\/pt\/wp-json\/wp\/v2\/types\/post"}],"author":[{"embeddable":true,"href":"https:\/\/tvbrazilusa.com\/pt\/wp-json\/wp\/v2\/users\/1"}],"replies":[{"embeddable":true,"href":"https:\/\/tvbrazilusa.com\/pt\/wp-json\/wp\/v2\/comments?post=90648"}],"version-history":[{"count":1,"href":"https:\/\/tvbrazilusa.com\/pt\/wp-json\/wp\/v2\/posts\/90648\/revisions"}],"predecessor-version":[{"id":90650,"href":"https:\/\/tvbrazilusa.com\/pt\/wp-json\/wp\/v2\/posts\/90648\/revisions\/90650"}],"wp:featuredmedia":[{"embeddable":true,"href":"https:\/\/tvbrazilusa.com\/pt\/wp-json\/wp\/v2\/media\/90649"}],"wp:attachment":[{"href":"https:\/\/tvbrazilusa.com\/pt\/wp-json\/wp\/v2\/media?parent=90648"}],"wp:term":[{"taxonomy":"category","embeddable":true,"href":"https:\/\/tvbrazilusa.com\/pt\/wp-json\/wp\/v2\/categories?post=90648"},{"taxonomy":"post_tag","embeddable":true,"href":"https:\/\/tvbrazilusa.com\/pt\/wp-json\/wp\/v2\/tags?post=90648"}],"curies":[{"name":"wp","href":"https:\/\/api.w.org\/{rel}","templated":true}]}}