{"id":90663,"date":"2025-01-11T20:35:54","date_gmt":"2025-01-11T20:35:54","guid":{"rendered":"https:\/\/tvbrazilusa.com\/2025\/01\/11\/eua-ator-keller-fornes-de-the-walking-dead-morre-aos-32-anos\/"},"modified":"2025-01-11T20:36:00","modified_gmt":"2025-01-11T20:36:00","slug":"eua-ator-keller-fornes-de-the-walking-dead-morre-aos-32-anos","status":"publish","type":"post","link":"https:\/\/tvbrazilusa.com\/pt\/2025\/01\/11\/eua-ator-keller-fornes-de-the-walking-dead-morre-aos-32-anos\/","title":{"rendered":"EUA: Ator Keller Fornes, de The Walking Dead, morre aos 32 anos"},"content":{"rendered":"<p> <script async src=\"https:\/\/pagead2.googlesyndication.com\/pagead\/js\/adsbygoogle.js?client=ca-pub-8864793242727901\"\r\n     crossorigin=\"anonymous\"><\/script><br \/>\n<\/p>\n<div id=\"taboola-read-more\" style=\"display:block; width:100%\">\n<p>O ator Keller Fornes, conhecido por seu papel na s\u00e9rie <em>County Rescue<\/em>, do canal Great American Family Channel, faleceu aos 32 anos, em Eastland, Texas. De acordo com a Variety, s\u00f3 nesta semana a not\u00edcia foi confirmada por meio de um comunicado da Lacy Funeral Home e posteriormente refor\u00e7ada por uma nota oficial do canal nas redes sociais. O falecimento ocorreu no dia no dia 19 de dezembro de 2024.\n<\/p>\n<p>A emissora se manifestou sobre o caso por meio de uma publica\u00e7\u00e3o no Instagram, na \u00faltima segunda-feira (6).<\/p>\n<p>Estamos profundamente entristecidos com o falecimento de Keller Fornes. Ele era uma pessoa e um talento especial, atuando como ator, escritor, diretor, cantor e m\u00fasico. Sua energia e entusiasmo contagiaram todos os que trabalharam com ele na Great American Media e no elenco de County Rescue. Nossas ora\u00e7\u00f5es est\u00e3o com sua fam\u00edlia e todos aqueles que ele tocou \u2013 diz o post.\n<\/p>\n<p>Embora tenha ganhado maior reconhecimento em <em>County Rescue<\/em>, Fornes tamb\u00e9m \u00e9 lembrado por sua participa\u00e7\u00e3o no seriado The Walking Dead. Em 2012, ele atuou em um dos epis\u00f3dios iniciais da terceira temporada, interpretando um soldado.\n<\/p>\n<p>O ator era formado em Artes C\u00eanicas pela Universidade do Norte do Texas e se aventurou como roteirista e produtor de filmes independentes financiados de forma privada.\n<\/p>\n<p>\u00a0<\/p>\n<p>No perfil dele, no Instagram, f\u00e3s lamentaram a morte de Fornes. O \u00faltimo post do artista foi justamente no m\u00eas e que ele faleceu, mas os coment\u00e1rios dos admiradores s\u00e3o recentes, visto que s\u00f3 agora a morte foi divulgada.\n<\/p>\n<\/p>\n<p>Na s\u00e9rie County Rescue, Fornes interpretava Griffin. A produ\u00e7\u00e3o, que estava prestes a iniciar as grava\u00e7\u00f5es da segunda temporada, recebeu uma onda de homenagens de colegas de elenco. A atriz Kristin Wollett homenageou o ator com um v\u00eddeo repleto de momentos ao lado dele.<\/p>\n<p>Pleno News\u00a0              <\/p>\n<\/div>\n<p><br \/>\n<br \/><a href=\"https:\/\/diariodobrasilnoticias.com.br\/noticia\/eua-ator-keller-fornes-de-the-walking-dead-morre-aos-32-anos-6782cfa37dc0a\">Source link <\/a><\/p>","protected":false},"excerpt":{"rendered":"<p>O ator Keller Fornes, conhecido por seu papel na s\u00e9rie County Rescue, do canal Great American Family Channel, faleceu aos 32 anos, em Eastland, Texas. De acordo com a Variety,&hellip;<\/p>","protected":false},"author":1,"featured_media":90664,"comment_status":"closed","ping_status":"open","sticky":false,"template":"","format":"standard","meta":{"content-type":"","footnotes":""},"categories":[16],"tags":[123,2448,5313,1267],"class_list":["post-90663","post","type-post","status-publish","format-standard","has-post-thumbnail","hentry","category-noticias","tag-brasil","tag-diario","tag-noticia","tag-noticias"],"_links":{"self":[{"href":"https:\/\/tvbrazilusa.com\/pt\/wp-json\/wp\/v2\/posts\/90663","targetHints":{"allow":["GET"]}}],"collection":[{"href":"https:\/\/tvbrazilusa.com\/pt\/wp-json\/wp\/v2\/posts"}],"about":[{"href":"https:\/\/tvbrazilusa.com\/pt\/wp-json\/wp\/v2\/types\/post"}],"author":[{"embeddable":true,"href":"https:\/\/tvbrazilusa.com\/pt\/wp-json\/wp\/v2\/users\/1"}],"replies":[{"embeddable":true,"href":"https:\/\/tvbrazilusa.com\/pt\/wp-json\/wp\/v2\/comments?post=90663"}],"version-history":[{"count":1,"href":"https:\/\/tvbrazilusa.com\/pt\/wp-json\/wp\/v2\/posts\/90663\/revisions"}],"predecessor-version":[{"id":90665,"href":"https:\/\/tvbrazilusa.com\/pt\/wp-json\/wp\/v2\/posts\/90663\/revisions\/90665"}],"wp:featuredmedia":[{"embeddable":true,"href":"https:\/\/tvbrazilusa.com\/pt\/wp-json\/wp\/v2\/media\/90664"}],"wp:attachment":[{"href":"https:\/\/tvbrazilusa.com\/pt\/wp-json\/wp\/v2\/media?parent=90663"}],"wp:term":[{"taxonomy":"category","embeddable":true,"href":"https:\/\/tvbrazilusa.com\/pt\/wp-json\/wp\/v2\/categories?post=90663"},{"taxonomy":"post_tag","embeddable":true,"href":"https:\/\/tvbrazilusa.com\/pt\/wp-json\/wp\/v2\/tags?post=90663"}],"curies":[{"name":"wp","href":"https:\/\/api.w.org\/{rel}","templated":true}]}}