{"id":90669,"date":"2025-01-11T21:01:25","date_gmt":"2025-01-11T21:01:25","guid":{"rendered":"https:\/\/tvbrazilusa.com\/2025\/01\/11\/sidonio-decide-demitir-nome-de-janja-a-frente-das-redes-sociais-do-governo-lula\/"},"modified":"2025-01-11T21:01:30","modified_gmt":"2025-01-11T21:01:30","slug":"sidonio-decide-demitir-nome-de-janja-a-frente-das-redes-sociais-do-governo-lula","status":"publish","type":"post","link":"https:\/\/tvbrazilusa.com\/pt\/2025\/01\/11\/sidonio-decide-demitir-nome-de-janja-a-frente-das-redes-sociais-do-governo-lula\/","title":{"rendered":"Sid\u00f4nio decide demitir nome de Janja \u00e0 frente das redes sociais do governo Lula"},"content":{"rendered":"<p> <script async src=\"https:\/\/pagead2.googlesyndication.com\/pagead\/js\/adsbygoogle.js?client=ca-pub-8864793242727901\"\r\n     crossorigin=\"anonymous\"><\/script><br \/>\n<\/p>\n<div>\n<figure class=\"post-image\">\n<\/figure>\n<p>            <span style=\"font-size: 12px\">Foto: Marcelo Camargo\/Ag\u00eancia Brasil<\/span><\/p>\n<p>            <!-- end metas --><br \/>\n            <!-- ADS --><\/p>\n<div id=\"taboola-read-more\" style=\"display:block; width:100%\">\n<p>Sid\u00f4nio Palmeira, que toma posse na Secom de Lula na ter\u00e7a-feira (14), est\u00e1 se preparando para substituir a titular de Estrat\u00e9gias e Redes do antigo time de Paulo Pimenta, demitido no in\u00edcio da semana.<\/p>\n<p>A \u00e1rea pilota a comunica\u00e7\u00e3o institucional do governo nas redes sociais \u00e9 comandada por Brunna Rosa desde janeiro de 2023. Ela esteve na campanha lulista de 2022 e, de l\u00e1 para c\u00e1, se destacou pela identifica\u00e7\u00e3o com Janja (\u00e9 das mais pr\u00f3ximas aliadas \u00e0 primeira-dama no governo).\n<\/p>\n<p>Para o lugar de Brunna, Sid\u00f4nio est\u00e1 considerando quadros da Prefeitura de Recife, onde Jo\u00e3o Campos ganhou notoriedade pela sua habilidade e de seu time com as redes.\n<\/p>\n<p>A favorita para o cargo \u00e9 Mariah Queiroz, que trabalha na equipe de Campos. Ela trabalhou na Prole, ag\u00eancia do marqueteiro Renato Pereira, que atendia Eduardo Paes no Rio.\n<\/p>\n<p>A inten\u00e7\u00e3o de Sid\u00f4nio \u00e9 oficializar o movimento ap\u00f3s sua posse oficial no cargo. Antes disso, no entanto, ele j\u00e1 alterando a composi\u00e7\u00e3o da Secom. Entre as mudan\u00e7as que j\u00e1 fez, est\u00e1 a demiss\u00e3o de Jos\u00e9 Chrispiniano, secret\u00e1rio de Imprensa que foi substitu\u00eddo por La\u00e9rcio Portela.\n<\/p>\n<p><strong>Lauro Jardim \u2013 O Globo<\/strong>              <\/p>\n<\/div>\n<p>                        <!-- Scripts para conteudo --><\/p>\n<p>            <!-- .\/Scripts para conteudo --><br \/>\n            <!-- .\/Mat\u00e9ria --><\/p>\n<div class=\"row mt-3\">\n<div class=\"col-sm-6\">\n                <!-- Whatsapp channel 3--><br \/>\n                <a href=\"https:\/\/chat.whatsapp.com\/B8Qy6Erx4kb6yTzj3kaDco\" target=\"_blank\"><br \/>\n                  <img decoding=\"async\" src=\"https:\/\/diariodobrasilnoticias.com.br\/assets-site\/images\/bot_whatsapp.png\"\/><\/a>\n              <\/div>\n<div class=\"col-sm-6\">\n                <a href=\"https:\/\/t.me\/+_4gTmi5LKo03OTM5\" target=\"_blank\"><br \/>\n                  <img decoding=\"async\" src=\"https:\/\/diariodobrasilnoticias.com.br\/assets-site\/images\/bot_telegram.png\"\/><\/a>\n              <\/div>\n<\/p><\/div>\n<p>            <!-- end post-navigation --><\/p>\n<p>              <!-- end row --><\/p>\n<p>              <!-- end col-12-->\n                      <\/div>\n<p><br \/>\n<br \/><a href=\"https:\/\/diariodobrasilnoticias.com.br\/noticia\/sidonio-decide-demitir-nome-de-janja-a-frente-das-redes-sociais-do-governo-lula-6782badf9b802\">Source link <\/a><\/p>","protected":false},"excerpt":{"rendered":"<p>Foto: Marcelo Camargo\/Ag\u00eancia Brasil Sid\u00f4nio Palmeira, que toma posse na Secom de Lula na ter\u00e7a-feira (14), est\u00e1 se preparando para substituir a titular de Estrat\u00e9gias e Redes do antigo time&hellip;<\/p>","protected":false},"author":1,"featured_media":90670,"comment_status":"closed","ping_status":"open","sticky":false,"template":"","format":"standard","meta":{"content-type":"","footnotes":""},"categories":[16],"tags":[123,2448,5313,1267],"class_list":["post-90669","post","type-post","status-publish","format-standard","has-post-thumbnail","hentry","category-noticias","tag-brasil","tag-diario","tag-noticia","tag-noticias"],"_links":{"self":[{"href":"https:\/\/tvbrazilusa.com\/pt\/wp-json\/wp\/v2\/posts\/90669","targetHints":{"allow":["GET"]}}],"collection":[{"href":"https:\/\/tvbrazilusa.com\/pt\/wp-json\/wp\/v2\/posts"}],"about":[{"href":"https:\/\/tvbrazilusa.com\/pt\/wp-json\/wp\/v2\/types\/post"}],"author":[{"embeddable":true,"href":"https:\/\/tvbrazilusa.com\/pt\/wp-json\/wp\/v2\/users\/1"}],"replies":[{"embeddable":true,"href":"https:\/\/tvbrazilusa.com\/pt\/wp-json\/wp\/v2\/comments?post=90669"}],"version-history":[{"count":1,"href":"https:\/\/tvbrazilusa.com\/pt\/wp-json\/wp\/v2\/posts\/90669\/revisions"}],"predecessor-version":[{"id":90671,"href":"https:\/\/tvbrazilusa.com\/pt\/wp-json\/wp\/v2\/posts\/90669\/revisions\/90671"}],"wp:featuredmedia":[{"embeddable":true,"href":"https:\/\/tvbrazilusa.com\/pt\/wp-json\/wp\/v2\/media\/90670"}],"wp:attachment":[{"href":"https:\/\/tvbrazilusa.com\/pt\/wp-json\/wp\/v2\/media?parent=90669"}],"wp:term":[{"taxonomy":"category","embeddable":true,"href":"https:\/\/tvbrazilusa.com\/pt\/wp-json\/wp\/v2\/categories?post=90669"},{"taxonomy":"post_tag","embeddable":true,"href":"https:\/\/tvbrazilusa.com\/pt\/wp-json\/wp\/v2\/tags?post=90669"}],"curies":[{"name":"wp","href":"https:\/\/api.w.org\/{rel}","templated":true}]}}