{"id":90672,"date":"2025-01-11T21:13:58","date_gmt":"2025-01-11T21:13:58","guid":{"rendered":"https:\/\/tvbrazilusa.com\/2025\/01\/11\/cristaos-farao-culto-em-frente-ao-local-onde-pregador-foi-agredido\/"},"modified":"2025-01-11T21:13:58","modified_gmt":"2025-01-11T21:13:58","slug":"cristaos-farao-culto-em-frente-ao-local-onde-pregador-foi-agredido","status":"publish","type":"post","link":"https:\/\/tvbrazilusa.com\/pt\/2025\/01\/11\/cristaos-farao-culto-em-frente-ao-local-onde-pregador-foi-agredido\/","title":{"rendered":"Crist\u00e3os far\u00e3o culto em frente ao local onde pregador foi agredido"},"content":{"rendered":"<p> <script async src=\"https:\/\/pagead2.googlesyndication.com\/pagead\/js\/adsbygoogle.js?client=ca-pub-8864793242727901\"\r\n     crossorigin=\"anonymous\"><\/script><br \/>\n<\/p>\n<div id=\"taboola-read-more\" style=\"display:block; width:100%\">\n<p>No pr\u00f3ximo domingo (12) acontecer\u00e1 um culto de a\u00e7\u00e3o de gra\u00e7as na Avenida Paulista, altura do 1713, em S\u00e3o Paulo, mesmo local onde no \u00faltimo domingo (5) um pregador de rua foi agredido por um ambulante e pessoas que estavam perto.\n<\/p>\n<p>A organiza\u00e7\u00e3o est\u00e1 sendo feita por Cl\u00e1udio Dias Ant\u00f4nio, do Movimento Negro de Direita, e pelo bombeiro militar tenente Lessa, que j\u00e1 oficiaram o evento aos \u00f3rg\u00e3os p\u00fablicos e pediram policiamento para garantir a seguran\u00e7a de todos.<\/p>\n<p>Em suas redes sociais, Cl\u00e1udio alerta para a necessidade de dar uma resposta ao crime que aconteceu com o pregador, pois a maioria dos negros do Brasil s\u00e3o crist\u00e3os e n\u00e3o se pode tolerar este tipo de viol\u00eancia religiosa.\n<\/p>\n<p>O culto est\u00e1 marcado para come\u00e7ar \u00e0s 14h e n\u00e3o haver\u00e1 carro de som, apenas pessoas reunidas para adorar a Deus e prestar um culto.<\/p>\n<p>Pleno News              <\/p>\n<\/div>\n<p><br \/>\n<br \/><a href=\"https:\/\/diariodobrasilnoticias.com.br\/noticia\/cristaos-farao-culto-em-frente-ao-local-onde-pregador-foi-agredido-6782d3ca2327e\">Source link <\/a><\/p>","protected":false},"excerpt":{"rendered":"<p>No pr\u00f3ximo domingo (12) acontecer\u00e1 um culto de a\u00e7\u00e3o de gra\u00e7as na Avenida Paulista, altura do 1713, em S\u00e3o Paulo, mesmo local onde no \u00faltimo domingo (5) um pregador de&hellip;<\/p>","protected":false},"author":1,"featured_media":0,"comment_status":"","ping_status":"open","sticky":false,"template":"","format":"standard","meta":{"content-type":"","footnotes":""},"categories":[16],"tags":[123,2448,5313,1267],"class_list":["post-90672","post","type-post","status-publish","format-standard","hentry","category-noticias","tag-brasil","tag-diario","tag-noticia","tag-noticias"],"_links":{"self":[{"href":"https:\/\/tvbrazilusa.com\/pt\/wp-json\/wp\/v2\/posts\/90672","targetHints":{"allow":["GET"]}}],"collection":[{"href":"https:\/\/tvbrazilusa.com\/pt\/wp-json\/wp\/v2\/posts"}],"about":[{"href":"https:\/\/tvbrazilusa.com\/pt\/wp-json\/wp\/v2\/types\/post"}],"author":[{"embeddable":true,"href":"https:\/\/tvbrazilusa.com\/pt\/wp-json\/wp\/v2\/users\/1"}],"replies":[{"embeddable":true,"href":"https:\/\/tvbrazilusa.com\/pt\/wp-json\/wp\/v2\/comments?post=90672"}],"version-history":[{"count":0,"href":"https:\/\/tvbrazilusa.com\/pt\/wp-json\/wp\/v2\/posts\/90672\/revisions"}],"wp:attachment":[{"href":"https:\/\/tvbrazilusa.com\/pt\/wp-json\/wp\/v2\/media?parent=90672"}],"wp:term":[{"taxonomy":"category","embeddable":true,"href":"https:\/\/tvbrazilusa.com\/pt\/wp-json\/wp\/v2\/categories?post=90672"},{"taxonomy":"post_tag","embeddable":true,"href":"https:\/\/tvbrazilusa.com\/pt\/wp-json\/wp\/v2\/tags?post=90672"}],"curies":[{"name":"wp","href":"https:\/\/api.w.org\/{rel}","templated":true}]}}