{"id":90673,"date":"2025-01-11T21:25:14","date_gmt":"2025-01-11T21:25:14","guid":{"rendered":"https:\/\/tvbrazilusa.com\/2025\/01\/11\/deputado-general-girao-e-condenado-por-atos-de-8-1\/"},"modified":"2025-01-11T21:25:16","modified_gmt":"2025-01-11T21:25:16","slug":"deputado-general-girao-e-condenado-por-atos-de-8-1","status":"publish","type":"post","link":"https:\/\/tvbrazilusa.com\/pt\/2025\/01\/11\/deputado-general-girao-e-condenado-por-atos-de-8-1\/","title":{"rendered":"Deputado General Gir\u00e3o \u00e9 condenado por atos de 8\/1"},"content":{"rendered":"<p> <script async src=\"https:\/\/pagead2.googlesyndication.com\/pagead\/js\/adsbygoogle.js?client=ca-pub-8864793242727901\"\r\n     crossorigin=\"anonymous\"><\/script><br \/>\n<\/p>\n<div id=\"taboola-read-more\" style=\"display:block; width:100%\">\n<p>A Justi\u00e7a Federal no Rio Grande do Norte condenou o deputado General Gir\u00e3o (PL-RN) a pagar R$ 2 milh\u00f5es em danos morais coletivos por ter incentivado atos antidemocr\u00e1ticos em frente a um quartel do Ex\u00e9rcito.\n<\/p>\n<p>Conforme decis\u00e3o do juiz Janilson de Siqueira, da 4\u00aa Vara Federal, o deputado ter\u00e1 ainda que apagar publica\u00e7\u00f5es que fez em redes sociais. O magistrado atendeu nesta sexta-feira (10) a um pedido do Minist\u00e9rio P\u00fablico Federal. Cabe recurso contra a ordem judicial.<\/p>\n<p>Na a\u00e7\u00e3o apresentada em abril de 2023, os procuradores argumentaram que o deputado do PL fez diversas postagens nas redes sociais incentivando condutas que atentavam contra a ordem democr\u00e1tica, inclusive a continuidade de um acampamento que, \u00e0 \u00e9poca, estava montado em frente ao 16\u00b0 Batalh\u00e3o de Infantaria Motorizada em Natal.\n<\/p>\n<p>Para o MPF, a conduta do parlamentar n\u00e3o est\u00e1 coberta pela liberdade de express\u00e3o e nem pela imunidade parlamentar.\n<\/p>\n<p>\u201cEm postagem feita um m\u00eas antes da invas\u00e3o dos pr\u00e9dios do Supremo Tribunal Federal (STF), do Congresso Nacional e do Pal\u00e1cio do Planalto, o r\u00e9u j\u00e1 instigava a viol\u00eancia contra as institui\u00e7\u00f5es, especialmente o Congresso\u201d, diz a a\u00e7\u00e3o.<br \/>O Minist\u00e9rio P\u00fablico destacou ainda que Gir\u00e3o, sendo deputado federal e general da reserva do Ex\u00e9rcito, foi importante articulador e motivador de atos criminosos.\n<\/p>\n<p>&#8220;A vontade do r\u00e9u em ver a concretiza\u00e7\u00e3o de um golpe de Estado, como se sabe, quase se consumou pouco mais de um m\u00eas de tal postagem, havendo nexo de causalidade entre conduta e dano&#8221;, afirmam os procuradores do MPF.\n<\/p>\n<p>A defesa do deputado alegou \u00e0 Justi\u00e7a que a a\u00e7\u00e3o do MPF representa uma &#8220;persegui\u00e7\u00e3o ideol\u00f3gica&#8221;. E que n\u00e3o h\u00e1 provas de que Gir\u00e3o &#8220;contribuiu, articulou ou participou dos atos ocorridos no dia 8 de janeiro, sendo que nenhuma postagem configurou viol\u00eancia contra as institui\u00e7\u00f5es&#8221;.\n<\/p>\n<p><strong>&#8216;Afronta&#8217; ao regime democr\u00e1tico<\/strong>\n<\/p>\n<p>Na decis\u00e3o, o juiz afirmou que a conduta do deputado &#8220;afrontou o regime democr\u00e1tico de direito&#8221;, pondo em d\u00favida a legitimidade do processo eleitoral, bem como a atua\u00e7\u00e3o do Poder Judici\u00e1rio.\n<\/p>\n<p>Segundo o magistrado, Gir\u00e3o promoveu &#8220;discurso de \u00f3dio&#8221; contra o presidente Luiz In\u00e1cio Lula da Silva (PT) e as institui\u00e7\u00f5es. E tamb\u00e9m propagou not\u00edcias fraudulentas sobre o resultado das elei\u00e7\u00f5es, incitando brasileiros \u00e0 &#8220;subvers\u00e3o contra a ordem democr\u00e1tica&#8221;.\n<\/p>\n<p>&#8220;As referidas condutas ofendem toda a sociedade brasileira comprometida com os ditames constitucionais, especialmente os atrelados \u00e0 democracia. E apresenta-se ainda mais reprov\u00e1vel se considerada sua condi\u00e7\u00e3o de deputado, eleito pelo voto popular, jurando zelar pelas institui\u00e7\u00f5es democr\u00e1ticas, pelo pluralismo e respeito de ideias&#8221;, escreveu.\n<\/p>\n<p><strong>Uni\u00e3o e estado tamb\u00e9m foram condenados<\/strong>\n<\/p>\n<p>Na mesma decis\u00e3o, o juiz Janilson de Siqueira tamb\u00e9m condena a Uni\u00e3o a pagar R$ 2 milh\u00f5es em indeniza\u00e7\u00e3o em raz\u00e3o de uma nota divulgada pelos ent\u00e3o comandantes da Marinha, do Ex\u00e9rcito e da Aeron\u00e1utica que estimulava acampamentos.\n<\/p>\n<p>A Uni\u00e3o, conforme o despacho, tamb\u00e9m dever\u00e1 promover a realiza\u00e7\u00e3o de cerim\u00f4nia p\u00fablica de desculpas \u00e0 popula\u00e7\u00e3o com ampla divulga\u00e7\u00e3o e participa\u00e7\u00e3o dos comandantes do Ex\u00e9rcito, da Marinha e da Aeron\u00e1utica\n<\/p>\n<p>O Rio Grande do Norte e a cidade de Natal foram condenados a pagar R$ 1 milh\u00e3o pela omiss\u00e3o de medidas contra os atos antidemocr\u00e1ticos na capital.\n<\/p>\n<p>Na senten\u00e7a, o magistrado ressalta que a Uni\u00e3o, o Estado do RN e o munic\u00edpio de Natal falharam na prote\u00e7\u00e3o da democracia e os erros foram fundamentais para os atos antidemocr\u00e1ticos que ocorreram em Bras\u00edlia em 8 de janeiro.\n<\/p>\n<p>Segundo o juiz Janilson de Siqueira, &#8220;tantoo a Uni\u00e3o, como o estado e o munic\u00edpio de Natal (RN), comissiva ou omissivamente, falharam fragorosamente no cumprimento do dever de cumprir a lei e evitar ou fazer cessar as aglomera\u00e7\u00f5es ileg\u00edtimas que ocorreram em frente ao 16 \u00ba Batalh\u00e3o de Infantaria Motorizado&#8221;.\n<\/p>\n<p>Fonte: g1              <\/p>\n<\/div>\n<p><br \/>\n<br \/><a href=\"https:\/\/diariodobrasilnoticias.com.br\/noticia\/deputado-general-girao-e-condenado-por-atos-de-8-1-6782a42c402c7\">Source link <\/a><\/p>","protected":false},"excerpt":{"rendered":"<p>A Justi\u00e7a Federal no Rio Grande do Norte condenou o deputado General Gir\u00e3o (PL-RN) a pagar R$ 2 milh\u00f5es em danos morais coletivos por ter incentivado atos antidemocr\u00e1ticos em frente&hellip;<\/p>","protected":false},"author":1,"featured_media":90674,"comment_status":"closed","ping_status":"open","sticky":false,"template":"","format":"standard","meta":{"content-type":"","footnotes":""},"categories":[16],"tags":[123,2448,5313,1267],"class_list":["post-90673","post","type-post","status-publish","format-standard","has-post-thumbnail","hentry","category-noticias","tag-brasil","tag-diario","tag-noticia","tag-noticias"],"_links":{"self":[{"href":"https:\/\/tvbrazilusa.com\/pt\/wp-json\/wp\/v2\/posts\/90673","targetHints":{"allow":["GET"]}}],"collection":[{"href":"https:\/\/tvbrazilusa.com\/pt\/wp-json\/wp\/v2\/posts"}],"about":[{"href":"https:\/\/tvbrazilusa.com\/pt\/wp-json\/wp\/v2\/types\/post"}],"author":[{"embeddable":true,"href":"https:\/\/tvbrazilusa.com\/pt\/wp-json\/wp\/v2\/users\/1"}],"replies":[{"embeddable":true,"href":"https:\/\/tvbrazilusa.com\/pt\/wp-json\/wp\/v2\/comments?post=90673"}],"version-history":[{"count":1,"href":"https:\/\/tvbrazilusa.com\/pt\/wp-json\/wp\/v2\/posts\/90673\/revisions"}],"predecessor-version":[{"id":90675,"href":"https:\/\/tvbrazilusa.com\/pt\/wp-json\/wp\/v2\/posts\/90673\/revisions\/90675"}],"wp:featuredmedia":[{"embeddable":true,"href":"https:\/\/tvbrazilusa.com\/pt\/wp-json\/wp\/v2\/media\/90674"}],"wp:attachment":[{"href":"https:\/\/tvbrazilusa.com\/pt\/wp-json\/wp\/v2\/media?parent=90673"}],"wp:term":[{"taxonomy":"category","embeddable":true,"href":"https:\/\/tvbrazilusa.com\/pt\/wp-json\/wp\/v2\/categories?post=90673"},{"taxonomy":"post_tag","embeddable":true,"href":"https:\/\/tvbrazilusa.com\/pt\/wp-json\/wp\/v2\/tags?post=90673"}],"curies":[{"name":"wp","href":"https:\/\/api.w.org\/{rel}","templated":true}]}}