{"id":90679,"date":"2025-01-11T21:54:56","date_gmt":"2025-01-11T21:54:56","guid":{"rendered":"https:\/\/tvbrazilusa.com\/2025\/01\/11\/os-nomes-ate-o-momento-para-o-senado-federal-em-2026\/"},"modified":"2025-01-11T21:54:58","modified_gmt":"2025-01-11T21:54:58","slug":"os-nomes-ate-o-momento-para-o-senado-federal-em-2026","status":"publish","type":"post","link":"https:\/\/tvbrazilusa.com\/pt\/2025\/01\/11\/os-nomes-ate-o-momento-para-o-senado-federal-em-2026\/","title":{"rendered":"Os Nomes at\u00e9 o momento para o Senado Federal em 2026"},"content":{"rendered":"<p> <script async src=\"https:\/\/pagead2.googlesyndication.com\/pagead\/js\/adsbygoogle.js?client=ca-pub-8864793242727901\"\r\n     crossorigin=\"anonymous\"><\/script><br \/>\n<\/p>\n<div id=\"taboola-read-more\" style=\"display:block; width:100%\">\n<p>Os Nomes at\u00e9 o momento para o Senado Federal em 2026\n<\/p>\n<p>A corrida para o Senado Federal em 2026 no Rio Grande do Norte j\u00e1 come\u00e7a a ganhar forma, com nomes de destaque no cen\u00e1rio pol\u00edtico sendo mencionados como poss\u00edveis candidatos. Representando diferentes partidos e trajet\u00f3rias, esses postulantes prometem marcar o pleito com debates voltados para seguran\u00e7a, sa\u00fade, infraestrutura e desenvolvimento regional. Confira os principais nomes at\u00e9 o momento:<\/p>\n<p>Styvenson Valentim (Podemos)\n<\/p>\n<p>Senador eleito em 2018, Styvenson Valentim consolidou sua imagem como defensor da ordem e da disciplina, especialmente durante sua atua\u00e7\u00e3o como comandante da Lei Seca no estado. Policial militar e formado em Direito, Styvenson representa uma linha de atua\u00e7\u00e3o t\u00e9cnica e combativa, com foco em transpar\u00eancia e combate \u00e0 corrup\u00e7\u00e3o.\n<\/p>\n<p>Zenaide Maia (PSD)\n<\/p>\n<p>Senadora em exerc\u00edcio, Zenaide Maia \u00e9 m\u00e9dica formada pela UFRN e conhecida por seu trabalho em defesa da sa\u00fade p\u00fablica e do bem-estar social.\n<\/p>\n<p>\u00c1lvaro Dias (Republicanos)\n<\/p>\n<p>M\u00e9dico formado pela UFRN e ex-prefeito de Natal, \u00c1lvaro Dias \u00e9 um nome forte entre os conservadores do estado. Com longa trajet\u00f3ria na pol\u00edtica e reconhecido por sua gest\u00e3o voltada \u00e0 sa\u00fade e infraestrutura, ele possui ampla experi\u00eancia administrativa e forte base eleitoral na capital.\n<\/p>\n<p>Coronel H\u00e9lio (Partido Liberal &#8211; PL)\n<\/p>\n<p>Coronel da Aeron\u00e1utica e ex-candidato ao Senado em 2022, H\u00e9lio refor\u00e7a o discurso de fortalecimento das For\u00e7as Armadas e seguran\u00e7a nacional. Com ampla experi\u00eancia militar, ele busca consolidar seu espa\u00e7o como um representante t\u00e9cnico e comprometido com os valores conservadores.\n<\/p>\n<p>Godeiro Linhares (Partido Liberal &#8211; PL)\n<\/p>\n<p>Empres\u00e1rio e gestor p\u00fablico, especialista em Administra\u00e7\u00e3o P\u00fablica e MBA e Gest\u00e3o de Projetos e Pol\u00edticas Publicas, Godeiro Linhares traz para a disputa uma plataforma voltada \u00e0 inova\u00e7\u00e3o em pol\u00edticas p\u00fablicas e desenvolvimento regional e nacional. Palestrante de v\u00e1rios temas relacionados a Gestao P\u00fablica, alinhado com<br \/>a direita raiz. Pode ser a revela\u00e7\u00e3o.\n<\/p>\n<p>O Cen\u00e1rio\n<\/p>\n<p>O eleitor do Rio Grande do Norte tem raz\u00f5es fundamentais para escolher, em 2026, um senador comprometido com o desenvolvimento do estado. Um candidato que conhece as demandas locais tem mais capacidade de buscar solu\u00e7\u00f5es para problemas hist\u00f3ricos em \u00e1reas como seguran\u00e7a, sa\u00fade e infraestrutura. No Senado, o representante potiguar pode aprovar leis, fiscalizar o governo federal e direcionar recursos para projetos que impactam positivamente a popula\u00e7\u00e3o.\n<\/p>\n<p>\u00c9 essencial que o eleitor compreenda a import\u00e2ncia do voto consciente para o Senado, um cargo com mandato de oito anos e papel decisivo nas pol\u00edticas nacionais. Avaliar propostas, hist\u00f3rico e compromisso do candidato garante que o RN tenha voz ativa em Bras\u00edlia. Al\u00e9m disso, um senador comprometido deve agir com \u00e9tica e transpar\u00eancia, buscando investimentos, gera\u00e7\u00e3o de emprego e melhoria da qualidade de vida. Assim, o voto para o Senado ser\u00e1 decisivo para fortalecer o desenvolvimento do estado.              <\/p>\n<\/div>\n<p><br \/>\n<br \/><a href=\"https:\/\/diariodobrasilnoticias.com.br\/noticia\/os-nomes-ate-o-momento-para-o-senado-federal-em-2026-6782e51203de6\">Source link <\/a><\/p>","protected":false},"excerpt":{"rendered":"<p>Os Nomes at\u00e9 o momento para o Senado Federal em 2026 A corrida para o Senado Federal em 2026 no Rio Grande do Norte j\u00e1 come\u00e7a a ganhar forma, com&hellip;<\/p>","protected":false},"author":1,"featured_media":90680,"comment_status":"closed","ping_status":"open","sticky":false,"template":"","format":"standard","meta":{"content-type":"","footnotes":""},"categories":[16],"tags":[123,2448,5313,1267],"class_list":["post-90679","post","type-post","status-publish","format-standard","has-post-thumbnail","hentry","category-noticias","tag-brasil","tag-diario","tag-noticia","tag-noticias"],"_links":{"self":[{"href":"https:\/\/tvbrazilusa.com\/pt\/wp-json\/wp\/v2\/posts\/90679","targetHints":{"allow":["GET"]}}],"collection":[{"href":"https:\/\/tvbrazilusa.com\/pt\/wp-json\/wp\/v2\/posts"}],"about":[{"href":"https:\/\/tvbrazilusa.com\/pt\/wp-json\/wp\/v2\/types\/post"}],"author":[{"embeddable":true,"href":"https:\/\/tvbrazilusa.com\/pt\/wp-json\/wp\/v2\/users\/1"}],"replies":[{"embeddable":true,"href":"https:\/\/tvbrazilusa.com\/pt\/wp-json\/wp\/v2\/comments?post=90679"}],"version-history":[{"count":1,"href":"https:\/\/tvbrazilusa.com\/pt\/wp-json\/wp\/v2\/posts\/90679\/revisions"}],"predecessor-version":[{"id":90681,"href":"https:\/\/tvbrazilusa.com\/pt\/wp-json\/wp\/v2\/posts\/90679\/revisions\/90681"}],"wp:featuredmedia":[{"embeddable":true,"href":"https:\/\/tvbrazilusa.com\/pt\/wp-json\/wp\/v2\/media\/90680"}],"wp:attachment":[{"href":"https:\/\/tvbrazilusa.com\/pt\/wp-json\/wp\/v2\/media?parent=90679"}],"wp:term":[{"taxonomy":"category","embeddable":true,"href":"https:\/\/tvbrazilusa.com\/pt\/wp-json\/wp\/v2\/categories?post=90679"},{"taxonomy":"post_tag","embeddable":true,"href":"https:\/\/tvbrazilusa.com\/pt\/wp-json\/wp\/v2\/tags?post=90679"}],"curies":[{"name":"wp","href":"https:\/\/api.w.org\/{rel}","templated":true}]}}