{"id":90723,"date":"2025-01-12T00:31:56","date_gmt":"2025-01-12T00:31:56","guid":{"rendered":"https:\/\/tvbrazilusa.com\/2025\/01\/12\/incendio-em-los-angeles-fogo-avanca-para-nova-area-residencial-com-casas-de-famosos-como-schwarzenegger-e-lebron-james\/"},"modified":"2025-01-12T00:31:57","modified_gmt":"2025-01-12T00:31:57","slug":"incendio-em-los-angeles-fogo-avanca-para-nova-area-residencial-com-casas-de-famosos-como-schwarzenegger-e-lebron-james","status":"publish","type":"post","link":"https:\/\/tvbrazilusa.com\/pt\/2025\/01\/12\/incendio-em-los-angeles-fogo-avanca-para-nova-area-residencial-com-casas-de-famosos-como-schwarzenegger-e-lebron-james\/","title":{"rendered":"Inc\u00eandio em Los Angeles: fogo avan\u00e7a para nova \u00e1rea residencial, com casas de famosos como Schwarzenegger e LeBron James"},"content":{"rendered":"<p> <script async src=\"https:\/\/pagead2.googlesyndication.com\/pagead\/js\/adsbygoogle.js?client=ca-pub-8864793242727901\"\r\n     crossorigin=\"anonymous\"><\/script><br \/>\n<\/p>\n<div data-block-type=\"unstyled\" data-block-weight=\"60\" data-block-id=\"9\">\n<p class=\"content-text__container\" data-track-category=\"Link no Texto\" data-track-links=\"\" data-mrf-recirculation=\"Mat\u00e9ria - Links no Texto\">O inc\u00eandio de Palisades j\u00e1 consumiu mais de 9 mil hectares, segundo o Departamento estadual de Silvicultura e Prote\u00e7\u00e3o contra Inc\u00eandios, o Cal Fire. Cerca de 11% das chamas foram contidas.\u00a0<span class=\"highlight highlighted\">Ao todo, os m\u00faltiplos focos de inc\u00eandio j\u00e1 consumiram cerca de 145 km\u00b2, uma \u00e1rea equivalente a da cidade de Miami, ou 1,5 vezes de Manhattan, em Nova York.<\/span>\n<\/p>\n<\/div>\n<p><br \/>\n<br \/><a href=\"https:\/\/diariodobrasilnoticias.com.br\/noticia\/incendio-em-los-angeles-fogo-avanca-para-nova-area-residencial-com-casas-de-famosos-como-schwarzenegger-e-lebron-james-6782fab8338c2\">Source link <\/a><\/p>","protected":false},"excerpt":{"rendered":"<p>O inc\u00eandio de Palisades j\u00e1 consumiu mais de 9 mil hectares, segundo o Departamento estadual de Silvicultura e Prote\u00e7\u00e3o contra Inc\u00eandios, o Cal Fire. Cerca de 11% das chamas foram&hellip;<\/p>","protected":false},"author":1,"featured_media":90724,"comment_status":"closed","ping_status":"open","sticky":false,"template":"","format":"standard","meta":{"content-type":"","footnotes":""},"categories":[16],"tags":[123,2448,5313,1267],"class_list":["post-90723","post","type-post","status-publish","format-standard","has-post-thumbnail","hentry","category-noticias","tag-brasil","tag-diario","tag-noticia","tag-noticias"],"_links":{"self":[{"href":"https:\/\/tvbrazilusa.com\/pt\/wp-json\/wp\/v2\/posts\/90723","targetHints":{"allow":["GET"]}}],"collection":[{"href":"https:\/\/tvbrazilusa.com\/pt\/wp-json\/wp\/v2\/posts"}],"about":[{"href":"https:\/\/tvbrazilusa.com\/pt\/wp-json\/wp\/v2\/types\/post"}],"author":[{"embeddable":true,"href":"https:\/\/tvbrazilusa.com\/pt\/wp-json\/wp\/v2\/users\/1"}],"replies":[{"embeddable":true,"href":"https:\/\/tvbrazilusa.com\/pt\/wp-json\/wp\/v2\/comments?post=90723"}],"version-history":[{"count":1,"href":"https:\/\/tvbrazilusa.com\/pt\/wp-json\/wp\/v2\/posts\/90723\/revisions"}],"predecessor-version":[{"id":90725,"href":"https:\/\/tvbrazilusa.com\/pt\/wp-json\/wp\/v2\/posts\/90723\/revisions\/90725"}],"wp:featuredmedia":[{"embeddable":true,"href":"https:\/\/tvbrazilusa.com\/pt\/wp-json\/wp\/v2\/media\/90724"}],"wp:attachment":[{"href":"https:\/\/tvbrazilusa.com\/pt\/wp-json\/wp\/v2\/media?parent=90723"}],"wp:term":[{"taxonomy":"category","embeddable":true,"href":"https:\/\/tvbrazilusa.com\/pt\/wp-json\/wp\/v2\/categories?post=90723"},{"taxonomy":"post_tag","embeddable":true,"href":"https:\/\/tvbrazilusa.com\/pt\/wp-json\/wp\/v2\/tags?post=90723"}],"curies":[{"name":"wp","href":"https:\/\/api.w.org\/{rel}","templated":true}]}}