{"id":90750,"date":"2025-01-12T02:16:08","date_gmt":"2025-01-12T02:16:08","guid":{"rendered":"https:\/\/tvbrazilusa.com\/2025\/01\/12\/homem-morre-com-facadas-em-norwich\/"},"modified":"2025-01-12T02:25:37","modified_gmt":"2025-01-12T02:25:37","slug":"homem-morre-com-facadas-em-norwich","status":"publish","type":"post","link":"https:\/\/tvbrazilusa.com\/pt\/2025\/01\/12\/homem-morre-com-facadas-em-norwich\/","title":{"rendered":"Homem morre com facadas em Norwich"},"content":{"rendered":"<script async src=\"https:\/\/pagead2.googlesyndication.com\/pagead\/js\/adsbygoogle.js?client=ca-pub-8864793242727901\"\r\n     crossorigin=\"anonymous\"><\/script>\n<p>NORWICH, Connecticut (WTNH) \u2013 A pol\u00edcia est\u00e1 investigando um esfaqueamento que levou \u00e0 morte de um homem em Norwich na noite de sexta-feira. <\/p>\n<p>A Pol\u00edcia de Norwich foi notificada do ataque quando um homem inconsciente foi transportado para o Hospital William W. Backus. A v\u00edtima estava coberta de sangue e a pol\u00edcia determinou que os ferimentos foram resultado de um esfaqueamento. <\/p>\n<p>Os ferimentos foram graves e acabaram levando \u00e0 morte da v\u00edtima. A pol\u00edcia conseguiu determinar que o ataque ocorreu em 118 Baltic Road e a casa foi considerada cena do crime. <\/p>\n<p>Os ferimentos da v\u00edtima foram muito graves e ela morreu. A pol\u00edcia acredita que o ataque foi direcionado e n\u00e3o h\u00e1 perigo para o p\u00fablico. <\/p>\n<p>Qualquer pessoa com informa\u00e7\u00f5es relacionadas a este ataque deve ligar para o detetive Thomas Lawton no telefone (860) 886-5561 ramal: 3157. <\/p>\n<p><br \/>\n<br \/><a href=\"https:\/\/www.wtnh.com\/news\/connecticut\/new-london\/man-dies-from-stab-wounds-in-norwich\/\">Source link <\/a><\/p>","protected":false},"excerpt":{"rendered":"<p>NORWICH, Connecticut (WTNH) \u2013 A pol\u00edcia est\u00e1 investigando um esfaqueamento que levou \u00e0 morte de um homem em Norwich na noite de sexta-feira. A Pol\u00edcia de Norwich foi notificada do&hellip;<\/p>","protected":false},"author":1,"featured_media":90751,"comment_status":"closed","ping_status":"open","sticky":false,"template":"","format":"standard","meta":{"content-type":"","footnotes":""},"categories":[1],"tags":[],"class_list":["post-90750","post","type-post","status-publish","format-standard","has-post-thumbnail","hentry","category-uncategorized"],"_links":{"self":[{"href":"https:\/\/tvbrazilusa.com\/pt\/wp-json\/wp\/v2\/posts\/90750","targetHints":{"allow":["GET"]}}],"collection":[{"href":"https:\/\/tvbrazilusa.com\/pt\/wp-json\/wp\/v2\/posts"}],"about":[{"href":"https:\/\/tvbrazilusa.com\/pt\/wp-json\/wp\/v2\/types\/post"}],"author":[{"embeddable":true,"href":"https:\/\/tvbrazilusa.com\/pt\/wp-json\/wp\/v2\/users\/1"}],"replies":[{"embeddable":true,"href":"https:\/\/tvbrazilusa.com\/pt\/wp-json\/wp\/v2\/comments?post=90750"}],"version-history":[{"count":1,"href":"https:\/\/tvbrazilusa.com\/pt\/wp-json\/wp\/v2\/posts\/90750\/revisions"}],"predecessor-version":[{"id":90752,"href":"https:\/\/tvbrazilusa.com\/pt\/wp-json\/wp\/v2\/posts\/90750\/revisions\/90752"}],"wp:featuredmedia":[{"embeddable":true,"href":"https:\/\/tvbrazilusa.com\/pt\/wp-json\/wp\/v2\/media\/90751"}],"wp:attachment":[{"href":"https:\/\/tvbrazilusa.com\/pt\/wp-json\/wp\/v2\/media?parent=90750"}],"wp:term":[{"taxonomy":"category","embeddable":true,"href":"https:\/\/tvbrazilusa.com\/pt\/wp-json\/wp\/v2\/categories?post=90750"},{"taxonomy":"post_tag","embeddable":true,"href":"https:\/\/tvbrazilusa.com\/pt\/wp-json\/wp\/v2\/tags?post=90750"}],"curies":[{"name":"wp","href":"https:\/\/api.w.org\/{rel}","templated":true}]}}