{"id":90808,"date":"2025-01-12T10:26:44","date_gmt":"2025-01-12T10:26:44","guid":{"rendered":"https:\/\/tvbrazilusa.com\/2025\/01\/12\/saiba-quais-sao-as-5-eleicoes-de-2025-que-vao-ditar-os-rumos-da-america-latina\/"},"modified":"2025-01-12T10:26:46","modified_gmt":"2025-01-12T10:26:46","slug":"saiba-quais-sao-as-5-eleicoes-de-2025-que-vao-ditar-os-rumos-da-america-latina","status":"publish","type":"post","link":"https:\/\/tvbrazilusa.com\/pt\/2025\/01\/12\/saiba-quais-sao-as-5-eleicoes-de-2025-que-vao-ditar-os-rumos-da-america-latina\/","title":{"rendered":"Saiba quais s\u00e3o as 5 elei\u00e7\u00f5es de 2025 que v\u00e3o ditar os rumos da Am\u00e9rica Latina"},"content":{"rendered":"<p> <script async src=\"https:\/\/pagead2.googlesyndication.com\/pagead\/js\/adsbygoogle.js?client=ca-pub-8864793242727901\"\r\n     crossorigin=\"anonymous\"><\/script><br \/>\n<\/p>\n<div id=\"taboola-read-more\" style=\"display:block; width:100%\">\n<p>A Am\u00e9rica Latina tem diversas elei\u00e7\u00f5es presidenciais e legislativas previstas para 2025. E existe algo em comum em todas elas: os pleitos ir\u00e3o julgar governos que foram eleitos para contornar enormes crises.\n<\/p>\n<p>Cinco pa\u00edses da regi\u00e3o t\u00eam elei\u00e7\u00f5es marcadas ao longo deste ano, para eleger presidentes, renovar congressos ou ambos.<\/p>\n<p>A quest\u00e3o que ir\u00e1 orientar cada um desses pleitos \u00e9 at\u00e9 que ponto cada pa\u00eds avan\u00e7ou em rela\u00e7\u00e3o aos seus graves problemas pol\u00edticos, econ\u00f4micos ou de seguran\u00e7a, herdados pelos governantes atuais.\n<\/p>\n<p>A diretora da pesquisa regional Latinobar\u00f3metro, Marta Lagos, explica que, nas elei\u00e7\u00f5es deste ano na Am\u00e9rica Latina, &#8220;existe zero ideologia&#8221; e os cidad\u00e3os avaliam &#8220;apenas os resultados&#8221; dos seus governantes.\n<\/p>\n<p>&#8220;As pessoas n\u00e3o esperam mais, o que elas fazem \u00e9 exigir&#8221;, declarou Lagos \u00e0 BBC News Mundo, o servi\u00e7o em espanhol da BBC. &#8220;Se n\u00e3o estiver indo bem, elas cortam a cabe\u00e7a [do governo] e colocam para fora.&#8221;<br \/>Mas o que os eleitores exigem dos governos convocados a lidar com situa\u00e7\u00f5es extremas?\n<\/p>\n<p>Talvez as elei\u00e7\u00f5es deste ano na Am\u00e9rica Latina ajudem a decifrar isso e enviem uma mensagem para toda a regi\u00e3o.\n<\/p>\n<p><strong>Calend\u00e1rio eleitoral da Am\u00e9rica Latina em 2025<\/strong>\n<\/p>\n<p>Equador: elei\u00e7\u00f5es gerais em 9 de fevereiro; poss\u00edvel segundo turno presidencial em 13 de abril.\n<\/p>\n<p>Bol\u00edvia: elei\u00e7\u00f5es gerais em 17 de agosto; poss\u00edvel segundo turno presidencial em 19 de outubro.\n<\/p>\n<p>Argentina: elei\u00e7\u00f5es legislativas em 26 de outubro.\n<\/p>\n<p>Chile: elei\u00e7\u00f5es gerais em 16 de novembro; poss\u00edvel segundo turno presidencial em 14 de dezembro.\n<\/p>\n<p>Honduras: elei\u00e7\u00f5es gerais em 30 de novembro.\n<\/p>\n<p><strong>Os presidentes ser\u00e3o reeleitos?<\/strong>\n<\/p>\n<p>O ciclo eleitoral latino-americano de 2025 come\u00e7a no dia 9 de fevereiro, com as elei\u00e7\u00f5es legislativas e o primeiro turno das elei\u00e7\u00f5es presidenciais no Equador.\n<\/p>\n<p>O presidente atual, Daniel Noboa, tentar\u00e1 ampliar por mais quatro anos o curto mandato obtido em 2023 para completar o per\u00edodo correspondente ao ex-presidente Guillermo Lasso (2021-2023), que antecipou as elei\u00e7\u00f5es ao enfrentar julgamento pol\u00edtico por supostos casos de corrup\u00e7\u00e3o.\n<\/p>\n<p>A ascens\u00e3o mete\u00f3rica de Noboa ao poder ocorreu em meio a uma crise de viol\u00eancia no pa\u00eds. Os \u00edndices de homic\u00eddios dispararam, devido \u00e0 a\u00e7\u00e3o das gangues criminosas e \u00e0 frequente cumplicidade da pol\u00edcia.\n<\/p>\n<p>Noboa declarou um &#8220;conflito armado interno&#8221; e convocou os militares a desempenhar suas tarefas de seguran\u00e7a. Agora, os eleitores ir\u00e3o avaliar se ele cumpriu a contento sua promessa de devolver a paz \u00e0 sociedade, com pol\u00edticas de &#8220;m\u00e3o firme&#8221; contra o crime.\n<\/p>\n<p>No momento, 16 militares est\u00e3o sendo investigados pelo desaparecimento for\u00e7ado e pela morte de quatro crian\u00e7as, cujos corpos foram incinerados. O incidente gerou fortes questionamentos ao poder concedido pelo governo aos militares.\n<\/p>\n<p>Al\u00e9m de Noboa, outros 15 candidatos foram registrados nestas elei\u00e7\u00f5es equatorianas. Entre eles, est\u00e1 Luisa Gonz\u00e1lez, que j\u00e1 enfrentou Noboa em 2023, representando a esquerda do ex-presidente Rafael Correa (2007-2017). E os problemas econ\u00f4micos e energ\u00e9ticos do Equador tamb\u00e9m podem influenciar os resultados.\n<\/p>\n<p>O segundo turno, se necess\u00e1rio, est\u00e1 previsto para 13 de abril.\n<\/p>\n<p>J\u00e1 a Bol\u00edvia tem elei\u00e7\u00f5es gerais marcadas para 17 de agosto. Espera-se que o atual presidente, Luis Arce, busque a reelei\u00e7\u00e3o, embora tenha evitado definir sua candidatura at\u00e9 o momento.\n<\/p>\n<p>Arce foi eleito em 2020 para solucionar a crise democr\u00e1tica que surgiu na Bol\u00edvia no ano anterior, quando o ent\u00e3o presidente Evo Morales (2006-2019) tentava obter seu quarto mandato. Ap\u00f3s acusa\u00e7\u00f5es de irregularidades no pleito, Morales renunciou, denunciando uma tentativa de golpe de Estado.\n<\/p>\n<p>A Bol\u00edvia ainda n\u00e3o atingiu sua plena normalidade. Surgiram recentemente momentos de tens\u00e3o, como o levante militar de junho passado que, segundo Arce, procurava derrub\u00e1-lo. Some-se a isso a atual crise econ\u00f4mica, agravada pela falta de d\u00f3lares no pa\u00eds.\n<\/p>\n<p>O partido do governo, Movimento ao Socialismo, est\u00e1 dividido por uma intensa disputa interna entre Arce e Morales. J\u00e1 a oposi\u00e7\u00e3o tentar\u00e1 ir unida \u00e0s urnas, depois de um acordo entre os ex-presidentes Jorge Quiroga (2001-2002) e Carlos Mesa (2003-2005), entre outros pol\u00edticos e empres\u00e1rios.\n<\/p>\n<p>O eventual segundo turno na Bol\u00edvia ocorre no dia 19 de outubro.\n<\/p>\n<p><strong>&#8216;Frustra\u00e7\u00e3o gigantesca&#8217;<\/strong>\n<\/p>\n<p>O Chile tamb\u00e9m tem elei\u00e7\u00f5es presidenciais e legislativas marcadas para este ano. O primeiro turno ser\u00e1 realizado em 16 de novembro e o eventual segundo turno presidencial, no dia 14 de dezembro.\n<\/p>\n<p>O atual presidente, Gabriel Boric, foi eleito em 2021, depois de protestos sociais no pa\u00eds. A Constitui\u00e7\u00e3o chilena n\u00e3o permite a reelei\u00e7\u00e3o, mas sua coaliz\u00e3o de esquerda Frente Ampla ser\u00e1 avaliada pelos seus atos no governo.\n<\/p>\n<p>Ainda sem candidatos definidos, as pesquisas espont\u00e2neas de inten\u00e7\u00e3o de voto indicam nomes como a ex-prefeita de direita Evelyn Matthei, a ex-presidente socialista Michelle Bachelet (2006-2010 e 2014-2018) e o ex-candidato de direita radical Jos\u00e9 Antonio Kast. Mas nenhum deles surge como franco favorito.\n<\/p>\n<p>Marta Lagos, diretora do Latinobar\u00f3metro, mora no Chile e explica que existem no pa\u00eds lideran\u00e7as pol\u00edticas &#8220;muito mais fracas do que antes&#8221; e &#8220;uma frustra\u00e7\u00e3o gigantesca das pessoas pelo que n\u00e3o foi feito&#8221;.\n<\/p>\n<p>&#8220;Existe a sensa\u00e7\u00e3o de que nem a direita, que governava durante os protestos, nem a esquerda, que passou a governar em seguida, conseguiram atender \u00e0s exig\u00eancias dos protestos&#8221;, destaca ela. &#8220;N\u00e3o foram solucionados os problemas de sa\u00fade, educa\u00e7\u00e3o, aposentadorias e n\u00e3o ocorreu a reforma tribut\u00e1ria.&#8221;<br \/>No dia 30 de novembro, devem tamb\u00e9m ser realizadas as elei\u00e7\u00f5es gerais de Honduras.\n<\/p>\n<p>A atual presidente, Xiomara Castro, foi eleita em 2021, em meio a uma crise de corrup\u00e7\u00e3o e narcotr\u00e1fico que levou \u00e0 extradi\u00e7\u00e3o e condena\u00e7\u00e3o nos Estados Unidos do seu antecessor, Juan Orlando Hern\u00e1ndez (2014-2022).\n<\/p>\n<p>A Constitui\u00e7\u00e3o hondurenha impede Castro de buscar outro mandato. E, com o recente esc\u00e2ndalo causado por um v\u00eddeo que mostrava seu cunhado reunido com poderosos narcotraficantes, existem diversos candidatos \u00e0 sua sucess\u00e3o, no governo e na oposi\u00e7\u00e3o.\n<\/p>\n<p>Os partidos hondurenhos devem escolher seus candidatos em vota\u00e7\u00f5es prim\u00e1rias, a serem realizadas em mar\u00e7o.\n<\/p>\n<p><strong>&#8216;Uma esp\u00e9cie de referendo&#8217;<\/strong>\n<\/p>\n<p>O calend\u00e1rio de 2025 tamb\u00e9m inclui elei\u00e7\u00f5es legislativas na Argentina, no dia 26 de outubro. O pleito ir\u00e1 renovar metade da C\u00e2mara dos Deputados e um ter\u00e7o do Senado.\n<\/p>\n<p>Estas elei\u00e7\u00f5es ser\u00e3o &#8220;uma esp\u00e9cie de referendo&#8221; sobre a gest\u00e3o do presidente ultraliberal Javier Milei, ante a grave crise econ\u00f4mica do pa\u00eds na \u00e9poca de sua posse, em dezembro de 2023, segundo o analista pol\u00edtico argentino Orlando D&#8217;Adamo.\n<\/p>\n<p>Mas ele alerta que o voto ser\u00e1 &#8220;mais simb\u00f3lico do que quantitativo&#8221;, j\u00e1 que as cadeiras a serem renovadas no Congresso s\u00e3o insuficientes para que Milei atinja maiorias pr\u00f3prias. Ou seja, ele &#8220;continuar\u00e1 dependendo de alian\u00e7as circunstanciais com outras for\u00e7as pol\u00edticas&#8221; para aprovar suas reformas.\n<\/p>\n<p>Tamb\u00e9m deveriam ser realizadas este ano elei\u00e7\u00f5es regionais e parlamentares na Venezuela.\n<\/p>\n<p>Mas este pleito ainda n\u00e3o tem data.\n<\/p>\n<p>A oposi\u00e7\u00e3o venezuelana precisar\u00e1 decidir se ir\u00e1 participar, ap\u00f3s as den\u00fancias de fraude nas elei\u00e7\u00f5es presidenciais de julho do ano passado. O presidente Nicol\u00e1s Maduro foi declarado vencedor do pleito, sem a publica\u00e7\u00e3o das atas de vota\u00e7\u00e3o.\n<\/p>\n<p>Com a clara vit\u00f3ria do governo nas elei\u00e7\u00f5es do M\u00e9xico, El Salvador e Rep\u00fablica Dominicana em 2024, a Am\u00e9rica Latina interrompeu a franca tend\u00eancia de anos anteriores, que mostrava a vit\u00f3ria da oposi\u00e7\u00e3o nas urnas em quase todas as elei\u00e7\u00f5es.\n<\/p>\n<p>Por outro lado, a pesquisa Latinobar\u00f3metro 2024, divulgada recentemente, indicou que 52% dos latino-americanos (excluindo a Nicar\u00e1gua) apoiam a democracia.\n<\/p>\n<p>O n\u00famero representa quatro pontos percentuais a mais que o ano anterior \u2013 o maior crescimento do \u00edndice nos \u00faltimos 14 anos.\n<\/p>\n<p>O relat\u00f3rio tamb\u00e9m concluiu que, nos pa\u00edses da regi\u00e3o, &#8220;aumenta a satisfa\u00e7\u00e3o com a democracia em rela\u00e7\u00e3o a 2023, exceto em Honduras (18%), que perde dois pontos percentuais, e na Bol\u00edvia (10%), com 12 pontos percentuais de redu\u00e7\u00e3o. A Bol\u00edvia aparece como o pa\u00eds mais cr\u00edtico em rela\u00e7\u00e3o \u00e0 democracia em 2024.&#8221;\n<\/p>\n<p>E a pesquisa destaca que, na Am\u00e9rica Latina, &#8220;existem mais democratas entre os que aprovam os governos atuais (56%) do que entre os que os desaprovam (48%)&#8221;.\n<\/p>\n<p>Resta saber como tudo isso ir\u00e1 influenciar as elei\u00e7\u00f5es de 2025 nos pa\u00edses da regi\u00e3o que sofreram crises colossais recentemente.\n<\/p>\n<p>Fonte: g1\n              <\/p>\n<\/div>\n<p><br \/>\n<br \/><a href=\"https:\/\/diariodobrasilnoticias.com.br\/noticia\/saiba-quais-sao-as-5-eleicoes-de-2025-que-vao-ditar-os-rumos-da-america-latina-678396a266e3e\">Source link <\/a><\/p>","protected":false},"excerpt":{"rendered":"<p>A Am\u00e9rica Latina tem diversas elei\u00e7\u00f5es presidenciais e legislativas previstas para 2025. E existe algo em comum em todas elas: os pleitos ir\u00e3o julgar governos que foram eleitos para contornar&hellip;<\/p>","protected":false},"author":1,"featured_media":90809,"comment_status":"closed","ping_status":"open","sticky":false,"template":"","format":"standard","meta":{"content-type":"","footnotes":""},"categories":[16],"tags":[123,2448,5313,1267],"class_list":["post-90808","post","type-post","status-publish","format-standard","has-post-thumbnail","hentry","category-noticias","tag-brasil","tag-diario","tag-noticia","tag-noticias"],"_links":{"self":[{"href":"https:\/\/tvbrazilusa.com\/pt\/wp-json\/wp\/v2\/posts\/90808","targetHints":{"allow":["GET"]}}],"collection":[{"href":"https:\/\/tvbrazilusa.com\/pt\/wp-json\/wp\/v2\/posts"}],"about":[{"href":"https:\/\/tvbrazilusa.com\/pt\/wp-json\/wp\/v2\/types\/post"}],"author":[{"embeddable":true,"href":"https:\/\/tvbrazilusa.com\/pt\/wp-json\/wp\/v2\/users\/1"}],"replies":[{"embeddable":true,"href":"https:\/\/tvbrazilusa.com\/pt\/wp-json\/wp\/v2\/comments?post=90808"}],"version-history":[{"count":1,"href":"https:\/\/tvbrazilusa.com\/pt\/wp-json\/wp\/v2\/posts\/90808\/revisions"}],"predecessor-version":[{"id":90810,"href":"https:\/\/tvbrazilusa.com\/pt\/wp-json\/wp\/v2\/posts\/90808\/revisions\/90810"}],"wp:featuredmedia":[{"embeddable":true,"href":"https:\/\/tvbrazilusa.com\/pt\/wp-json\/wp\/v2\/media\/90809"}],"wp:attachment":[{"href":"https:\/\/tvbrazilusa.com\/pt\/wp-json\/wp\/v2\/media?parent=90808"}],"wp:term":[{"taxonomy":"category","embeddable":true,"href":"https:\/\/tvbrazilusa.com\/pt\/wp-json\/wp\/v2\/categories?post=90808"},{"taxonomy":"post_tag","embeddable":true,"href":"https:\/\/tvbrazilusa.com\/pt\/wp-json\/wp\/v2\/tags?post=90808"}],"curies":[{"name":"wp","href":"https:\/\/api.w.org\/{rel}","templated":true}]}}