{"id":90820,"date":"2025-01-12T10:35:29","date_gmt":"2025-01-12T10:35:29","guid":{"rendered":"https:\/\/tvbrazilusa.com\/2025\/01\/12\/no-equador-prefeito-e-morto-a-tiros-um-mes-antes-das-eleicoes-presidenciais-tv-florida-usa-a-sua-tv-brasileira-nos-estados-unidos\/"},"modified":"2025-01-12T11:02:46","modified_gmt":"2025-01-12T11:02:46","slug":"no-equador-prefeito-e-morto-a-tiros-um-mes-antes-das-eleicoes-presidenciais-tv-florida-usa-a-sua-tv-brasileira-nos-estados-unidos","status":"publish","type":"post","link":"https:\/\/tvbrazilusa.com\/pt\/2025\/01\/12\/no-equador-prefeito-e-morto-a-tiros-um-mes-antes-das-eleicoes-presidenciais-tv-florida-usa-a-sua-tv-brasileira-nos-estados-unidos\/","title":{"rendered":"No Equador, prefeito \u00e9 morto a tiros um m\u00eas antes das elei\u00e7\u00f5es presidenciais \u2013 TV Florida USA \u2013 A sua TV Brasileira nos Estados Unidos"},"content":{"rendered":"<p> <script async src=\"https:\/\/pagead2.googlesyndication.com\/pagead\/js\/adsbygoogle.js?client=ca-pub-8864793242727901\"\r\n     crossorigin=\"anonymous\"><\/script><br \/>\n<\/p>\n<div id=\"taboola-read-more\" style=\"display:block; width:100%\">\n<p>Eber Ponce, prefeito de Arenillas, cidade do Equador pr\u00f3xima \u00e0 fronteira com o Peru, foi morto a tiros no s\u00e1bado (11), a um m\u00eas das elei\u00e7\u00f5es presidenciais.\n<\/p>\n<p>Segundo a ag\u00eancia de not\u00edcias AFP, ele chegou a ser socorrido com vida, mas n\u00e3o resistiu e morreu horas depois no hospital.<\/p>\n<p>O prefeito foi atingido por cinco tiros enquanto dirigia seu caminh\u00e3o. Outras tr\u00eas pessoas ficaram feridos. Uma das v\u00edtimas \u00e9 menor de idade. O respons\u00e1vel pelo ataque pilotava uma moto, que foi abandonada ap\u00f3s o crime.\n<\/p>\n<p>Eber Ponce \u00e9 o segundo prefeito assassinado na prov\u00edncia de El Oro desde as elei\u00e7\u00f5es presidenciais de 2023, quando o atual presidente Daniel Noboa foi eleito em uma disputa emergencial. Na elei\u00e7\u00e3o que acontece em fevereiro, Noboa buscar\u00e1 a reelei\u00e7\u00e3o para o cargo.\n<\/p>\n<p>Nas redes sociais, o governo da prov\u00edncia de El Oro lamentou a morte do prefeito de Arenillas e declarou as \u201cmais profundas condol\u00eancias.\u201d\n<\/p>\n<p>Reprodu\u00e7\u00e3o\n<\/p>\n<p>O Minist\u00e9rio do Interior do pa\u00eds tamb\u00e9m divulgou uma nota em que fala em \u201cato repudi\u00e1vel\u201d, e se compromete ajudar as autoridades a esclarecer o crime.\n<\/p>\n<\/p>\n<p>Reprodu\u00e7\u00e3o              <\/p>\n<\/div>\n<p><br \/>\n<br \/><a href=\"https:\/\/tvfloridausa.com\/2025\/01\/12\/no-equador-prefeito-e-morto-a-tiros-um-mes-antes-das-eleicoes-presidenciais\/\">Source link <\/a><\/p>","protected":false},"excerpt":{"rendered":"<p>Eber Ponce, prefeito de Arenillas, cidade do Equador pr\u00f3xima \u00e0 fronteira com o Peru, foi morto a tiros no s\u00e1bado (11), a um m\u00eas das elei\u00e7\u00f5es presidenciais. Segundo a ag\u00eancia&hellip;<\/p>","protected":false},"author":1,"featured_media":90821,"comment_status":"closed","ping_status":"open","sticky":false,"template":"","format":"standard","meta":{"content-type":"","footnotes":""},"categories":[22],"tags":[],"class_list":["post-90820","post","type-post","status-publish","format-standard","has-post-thumbnail","hentry","category-tv-florida-usa"],"_links":{"self":[{"href":"https:\/\/tvbrazilusa.com\/pt\/wp-json\/wp\/v2\/posts\/90820","targetHints":{"allow":["GET"]}}],"collection":[{"href":"https:\/\/tvbrazilusa.com\/pt\/wp-json\/wp\/v2\/posts"}],"about":[{"href":"https:\/\/tvbrazilusa.com\/pt\/wp-json\/wp\/v2\/types\/post"}],"author":[{"embeddable":true,"href":"https:\/\/tvbrazilusa.com\/pt\/wp-json\/wp\/v2\/users\/1"}],"replies":[{"embeddable":true,"href":"https:\/\/tvbrazilusa.com\/pt\/wp-json\/wp\/v2\/comments?post=90820"}],"version-history":[{"count":1,"href":"https:\/\/tvbrazilusa.com\/pt\/wp-json\/wp\/v2\/posts\/90820\/revisions"}],"predecessor-version":[{"id":90822,"href":"https:\/\/tvbrazilusa.com\/pt\/wp-json\/wp\/v2\/posts\/90820\/revisions\/90822"}],"wp:featuredmedia":[{"embeddable":true,"href":"https:\/\/tvbrazilusa.com\/pt\/wp-json\/wp\/v2\/media\/90821"}],"wp:attachment":[{"href":"https:\/\/tvbrazilusa.com\/pt\/wp-json\/wp\/v2\/media?parent=90820"}],"wp:term":[{"taxonomy":"category","embeddable":true,"href":"https:\/\/tvbrazilusa.com\/pt\/wp-json\/wp\/v2\/categories?post=90820"},{"taxonomy":"post_tag","embeddable":true,"href":"https:\/\/tvbrazilusa.com\/pt\/wp-json\/wp\/v2\/tags?post=90820"}],"curies":[{"name":"wp","href":"https:\/\/api.w.org\/{rel}","templated":true}]}}