{"id":90823,"date":"2025-01-12T11:08:02","date_gmt":"2025-01-12T11:08:02","guid":{"rendered":"https:\/\/tvbrazilusa.com\/2025\/01\/12\/durante-discurso-o-ditador-maduro-sugere-usar-tropas-brasileiras-para-liberar-porto-rico-do-dominio-dos-eua-veja-video\/"},"modified":"2025-01-12T11:08:03","modified_gmt":"2025-01-12T11:08:03","slug":"durante-discurso-o-ditador-maduro-sugere-usar-tropas-brasileiras-para-liberar-porto-rico-do-dominio-dos-eua-veja-video","status":"publish","type":"post","link":"https:\/\/tvbrazilusa.com\/pt\/2025\/01\/12\/durante-discurso-o-ditador-maduro-sugere-usar-tropas-brasileiras-para-liberar-porto-rico-do-dominio-dos-eua-veja-video\/","title":{"rendered":"Durante discurso, o ditador Maduro sugere usar tropas brasileiras para &#8216;liberar&#8217; Porto Rico do dom\u00ednio dos EUA; VEJA V\u00cdDEO"},"content":{"rendered":"<p> <script async src=\"https:\/\/pagead2.googlesyndication.com\/pagead\/js\/adsbygoogle.js?client=ca-pub-8864793242727901\"\r\n     crossorigin=\"anonymous\"><\/script><br \/>\n<\/p>\n<div id=\"taboola-read-more\" style=\"display:block; width:100%\">\n<p>Maduro sugere usar tropas brasileiras para \u201cliberar\u201d Porto Rico do dom\u00ednio norte-americano.\n<\/p>\n<p>Em discurso na noite deste s\u00e1bado (11\/1), ditador venezuelano sugeriu a interven\u00e7\u00e3o de um batalh\u00e3o brasileiro para que a ilha caribenha deixe de ser um territ\u00f3rio pertencente aos EUA.<\/p>\n<p>(Via:@SamPancher)\n<\/p>\n<p>Veja V\u00eddeo:\n<\/p>\n<div style=\"display: flex; flex-direction: row; justify-content: center; width: 100%;\">\n<blockquote class=\"twitter-tweet\">\n<p dir=\"ltr\" lang=\"pt\">Maduro sugere usar tropas brasileiras para \u201cliberar\u201d Porto Rico do dom\u00ednio norte-americano.<\/p>\n<p>Em discurso na noite deste s\u00e1bado (11\/1), ditador venezuelano sugeriu a interven\u00e7\u00e3o de um batalh\u00e3o brasileiro para que a ilha caribenha deixe de ser um territ\u00f3rio pertencente aos EUA.\u2026 <a href=\"https:\/\/t.co\/JFBUqgZZXG\">pic.twitter.com\/JFBUqgZZXG<\/a><br \/>\n\u2014 Metr\u00f3poles (@Metropoles) <a href=\"https:\/\/twitter.com\/Metropoles\/status\/1878271971055603971?ref_src=twsrc%5Etfw\">January 12, 2025<\/a><\/p>\n<\/blockquote>\n<\/div>\n<p>Fonte: Metr\u00f3poles\n              <\/p>\n<\/div>\n<p><script async src=\"\/\/platform.twitter.com\/widgets.js\" charset=\"utf-8\"><\/script><br \/>\n<br \/><br \/>\n<br \/><a href=\"https:\/\/diariodobrasilnoticias.com.br\/noticia\/durante-discurso-o-ditador-maduro-sugere-usar-tropas-brasileiras-para-liberar-porto-rico-do-dominio-dos-eua-veja-video-67838e8222fe1\">Source link <\/a><\/p>","protected":false},"excerpt":{"rendered":"<p>Maduro sugere usar tropas brasileiras para \u201cliberar\u201d Porto Rico do dom\u00ednio norte-americano. Em discurso na noite deste s\u00e1bado (11\/1), ditador venezuelano sugeriu a interven\u00e7\u00e3o de um batalh\u00e3o brasileiro para que&hellip;<\/p>","protected":false},"author":1,"featured_media":90824,"comment_status":"closed","ping_status":"open","sticky":false,"template":"","format":"standard","meta":{"content-type":"","footnotes":""},"categories":[16],"tags":[123,2448,5313,1267],"class_list":["post-90823","post","type-post","status-publish","format-standard","has-post-thumbnail","hentry","category-noticias","tag-brasil","tag-diario","tag-noticia","tag-noticias"],"_links":{"self":[{"href":"https:\/\/tvbrazilusa.com\/pt\/wp-json\/wp\/v2\/posts\/90823","targetHints":{"allow":["GET"]}}],"collection":[{"href":"https:\/\/tvbrazilusa.com\/pt\/wp-json\/wp\/v2\/posts"}],"about":[{"href":"https:\/\/tvbrazilusa.com\/pt\/wp-json\/wp\/v2\/types\/post"}],"author":[{"embeddable":true,"href":"https:\/\/tvbrazilusa.com\/pt\/wp-json\/wp\/v2\/users\/1"}],"replies":[{"embeddable":true,"href":"https:\/\/tvbrazilusa.com\/pt\/wp-json\/wp\/v2\/comments?post=90823"}],"version-history":[{"count":1,"href":"https:\/\/tvbrazilusa.com\/pt\/wp-json\/wp\/v2\/posts\/90823\/revisions"}],"predecessor-version":[{"id":90825,"href":"https:\/\/tvbrazilusa.com\/pt\/wp-json\/wp\/v2\/posts\/90823\/revisions\/90825"}],"wp:featuredmedia":[{"embeddable":true,"href":"https:\/\/tvbrazilusa.com\/pt\/wp-json\/wp\/v2\/media\/90824"}],"wp:attachment":[{"href":"https:\/\/tvbrazilusa.com\/pt\/wp-json\/wp\/v2\/media?parent=90823"}],"wp:term":[{"taxonomy":"category","embeddable":true,"href":"https:\/\/tvbrazilusa.com\/pt\/wp-json\/wp\/v2\/categories?post=90823"},{"taxonomy":"post_tag","embeddable":true,"href":"https:\/\/tvbrazilusa.com\/pt\/wp-json\/wp\/v2\/tags?post=90823"}],"curies":[{"name":"wp","href":"https:\/\/api.w.org\/{rel}","templated":true}]}}