{"id":90829,"date":"2025-01-12T11:23:35","date_gmt":"2025-01-12T11:23:35","guid":{"rendered":"https:\/\/tvbrazilusa.com\/2025\/01\/12\/bombeiros-de-westport-resgatam-motorista-do-veiculo\/"},"modified":"2025-01-12T11:26:06","modified_gmt":"2025-01-12T11:26:06","slug":"bombeiros-de-westport-resgatam-motorista-do-veiculo","status":"publish","type":"post","link":"https:\/\/tvbrazilusa.com\/pt\/2025\/01\/12\/bombeiros-de-westport-resgatam-motorista-do-veiculo\/","title":{"rendered":"Bombeiros de Westport resgatam motorista do ve\u00edculo"},"content":{"rendered":"<p> <script async src=\"https:\/\/pagead2.googlesyndication.com\/pagead\/js\/adsbygoogle.js?client=ca-pub-8864793242727901\"\r\n     crossorigin=\"anonymous\"><\/script><br \/>\n<\/p>\n<p>WESTPORT, Connecticut (WTNH) \u2013 Por volta das 3h05 da manh\u00e3 de domingo, os bombeiros de Westport disseram que foram enviados para um relat\u00f3rio de um acidente de ve\u00edculo motorizado na I-95, perto da sa\u00edda 18. <\/p>\n<p>Inicialmente, o Motor 4, o Motor 5, o Resgate 3 e o Comandante do Turno foram enviados ao local, depois a pol\u00edcia foi orientada a auxiliar, segundo o Corpo de Bombeiros de Westport.<\/p>\n<div class=\"wp-block-jetpack-slideshow aligncenter\" data-effect=\"slide\">\n<div class=\"wp-block-jetpack-slideshow_container swiper-container\">\n<ul class=\"wp-block-jetpack-slideshow_swiper-wrapper swiper-wrapper\">\n<li class=\"wp-block-jetpack-slideshow_slide swiper-slide\">\n<figure><\/figure>\n<\/li>\n<li class=\"wp-block-jetpack-slideshow_slide swiper-slide\">\n<figure><img loading=\"lazy\" decoding=\"async\" width=\"1888\" height=\"2938\" alt=\"\" class=\"wp-block-jetpack-slideshow_image wp-image-2083493\" data-id=\"2083493\" src=\"https:\/\/www.wtnh.com\/wp-content\/uploads\/sites\/100\/2025\/01\/20250112_031828_04a9d7.jpg?w=463\" \/><\/figure>\n<\/li>\n<\/ul>\n<p><a class=\"wp-block-jetpack-slideshow_button-prev swiper-button-prev swiper-button-white\" role=\"button\"><\/a><a class=\"wp-block-jetpack-slideshow_button-next swiper-button-next swiper-button-white\" role=\"button\"><\/a><a aria-label=\"Pause Slideshow\" class=\"wp-block-jetpack-slideshow_button-pause\" role=\"button\"><\/a><\/p>\n<div class=\"wp-block-jetpack-slideshow_pagination swiper-pagination swiper-pagination-white\"><\/div>\n<\/div>\n<\/div>\n<p class=\"has-text-align-center\"><em>Fotos fornecidas pelo Corpo de Bombeiros de Westport<\/em><\/p>\n<p>As equipes relataram que um ve\u00edculo saiu da estrada com graves danos e um ocupante que precisava ser retirado. <\/p>\n<p>Os policiais disseram que estabilizaram o ve\u00edculo e usaram ferramentas de resgate movidas a bateria para remover o teto. <\/p>\n<p>O motorista foi libertado 10 minutos depois e levado a um hospital local pelo Westport EMS, segundo policiais.<\/p>\n<p>As equipes disseram que permaneceram no local durante todo o incidente para investigar e ajudar no controle de tr\u00e1fego. Por volta das 5h13, os bombeiros disseram que limparam o local.<\/p>\n<p><br \/>\n<br \/><a href=\"https:\/\/www.wtnh.com\/news\/connecticut\/fairfield\/westport-firefighters-extricate-driver-from-vehicle\/\">Source link <\/a><\/p>","protected":false},"excerpt":{"rendered":"<p>WESTPORT, Connecticut (WTNH) \u2013 Por volta das 3h05 da manh\u00e3 de domingo, os bombeiros de Westport disseram que foram enviados para um relat\u00f3rio de um acidente de ve\u00edculo motorizado na&hellip;<\/p>","protected":false},"author":1,"featured_media":90830,"comment_status":"closed","ping_status":"open","sticky":false,"template":"","format":"standard","meta":{"content-type":"","footnotes":""},"categories":[1],"tags":[],"class_list":["post-90829","post","type-post","status-publish","format-standard","has-post-thumbnail","hentry","category-uncategorized"],"_links":{"self":[{"href":"https:\/\/tvbrazilusa.com\/pt\/wp-json\/wp\/v2\/posts\/90829","targetHints":{"allow":["GET"]}}],"collection":[{"href":"https:\/\/tvbrazilusa.com\/pt\/wp-json\/wp\/v2\/posts"}],"about":[{"href":"https:\/\/tvbrazilusa.com\/pt\/wp-json\/wp\/v2\/types\/post"}],"author":[{"embeddable":true,"href":"https:\/\/tvbrazilusa.com\/pt\/wp-json\/wp\/v2\/users\/1"}],"replies":[{"embeddable":true,"href":"https:\/\/tvbrazilusa.com\/pt\/wp-json\/wp\/v2\/comments?post=90829"}],"version-history":[{"count":1,"href":"https:\/\/tvbrazilusa.com\/pt\/wp-json\/wp\/v2\/posts\/90829\/revisions"}],"predecessor-version":[{"id":90831,"href":"https:\/\/tvbrazilusa.com\/pt\/wp-json\/wp\/v2\/posts\/90829\/revisions\/90831"}],"wp:featuredmedia":[{"embeddable":true,"href":"https:\/\/tvbrazilusa.com\/pt\/wp-json\/wp\/v2\/media\/90830"}],"wp:attachment":[{"href":"https:\/\/tvbrazilusa.com\/pt\/wp-json\/wp\/v2\/media?parent=90829"}],"wp:term":[{"taxonomy":"category","embeddable":true,"href":"https:\/\/tvbrazilusa.com\/pt\/wp-json\/wp\/v2\/categories?post=90829"},{"taxonomy":"post_tag","embeddable":true,"href":"https:\/\/tvbrazilusa.com\/pt\/wp-json\/wp\/v2\/tags?post=90829"}],"curies":[{"name":"wp","href":"https:\/\/api.w.org\/{rel}","templated":true}]}}