{"id":90832,"date":"2025-01-12T11:31:15","date_gmt":"2025-01-12T11:31:15","guid":{"rendered":"https:\/\/tvbrazilusa.com\/2025\/01\/12\/em-video-publicado-o-senador-flavio-bolsonaro-diz-lula-quer-usar-o-pix-para-tomar-o-seu-dinheiro-veja-video\/"},"modified":"2025-01-12T11:31:16","modified_gmt":"2025-01-12T11:31:16","slug":"em-video-publicado-o-senador-flavio-bolsonaro-diz-lula-quer-usar-o-pix-para-tomar-o-seu-dinheiro-veja-video","status":"publish","type":"post","link":"https:\/\/tvbrazilusa.com\/pt\/2025\/01\/12\/em-video-publicado-o-senador-flavio-bolsonaro-diz-lula-quer-usar-o-pix-para-tomar-o-seu-dinheiro-veja-video\/","title":{"rendered":"Em v\u00eddeo publicado, o senador Fl\u00e1vio Bolsonaro diz: &#8216;Lula quer usar o Pix para tomar o seu dinheiro&#8217;; VEJA V\u00cdDEO"},"content":{"rendered":"<p> <script async src=\"https:\/\/pagead2.googlesyndication.com\/pagead\/js\/adsbygoogle.js?client=ca-pub-8864793242727901\"\r\n     crossorigin=\"anonymous\"><\/script><br \/>\n<\/p>\n<div id=\"taboola-read-more\" style=\"display:block; width:100%\">\n<p>O senador Fl\u00e1vio Bolsonaro (PL-RJ) publicou um v\u00eddeo extenso em suas redes sociais, neste s\u00e1bado (11), expondo as consequ\u00eancias do monitoramento do Pix, proposto pelo governo do presidente Lula (PT).\n<\/p>\n<p>Na legenda, o parlamentar declarou que o governo Lula est\u00e1 de olho no dinheiro do trabalhador informal e garantiu que se depender da gest\u00e3o petista, \u201cas coisas v\u00e3o ficar ainda mais dif\u00edceis para voc\u00ea\u201d.<\/p>\n<p>Ele anunciou ainda que est\u00e1 atuando para impedir que este projeto prospere.\n<\/p>\n<p>\u2013 J\u00e1 tomei as medidas cab\u00edveis para revogar essa medida absurda de Lula! \u2013 disse o senador.\n<\/p>\n<p>Veja v\u00eddeo:\n<\/p>\n<div style=\"display: flex; flex-direction: row; justify-content: center; width: 100%;\">\n<blockquote class=\"twitter-tweet\">\n<p dir=\"ltr\" lang=\"pt\">Pe\u00e7o que assistam ao v\u00eddeo at\u00e9 o final e entendam o que realmente est\u00e1 em jogo!<\/p>\n<p>S\u00f3 se fala em monitoramento do Pix, e o governo insiste em dizer que \u00e9 fake news. Mas n\u00f3s sabemos o que est\u00e1 por tr\u00e1s de tudo isso! <\/p>\n<p>Aten\u00e7\u00e3o, trabalhador informal: o governo Lula est\u00e1 de olho no\u2026 <a href=\"https:\/\/t.co\/iLELkHrCwA\">pic.twitter.com\/iLELkHrCwA<\/a><br \/>\n\u2014 Flavio Bolsonaro (@FlavioBolsonaro) <a href=\"https:\/\/twitter.com\/FlavioBolsonaro\/status\/1878177220566405480?ref_src=twsrc%5Etfw\">January 11, 2025<\/a><\/p>\n<\/blockquote>\n<\/div>\n<p>Fonte: Pleno.News              <\/p>\n<\/div>\n<p><script async src=\"\/\/platform.twitter.com\/widgets.js\" charset=\"utf-8\"><\/script><br \/>\n<br \/><br \/>\n<br \/><a href=\"https:\/\/diariodobrasilnoticias.com.br\/noticia\/em-video-publicado-o-senador-flavio-bolsonaro-diz-lula-quer-usar-o-pix-para-tomar-o-seu-dinheiro-veja-video-678394c1f2903\">Source link <\/a><\/p>","protected":false},"excerpt":{"rendered":"<p>O senador Fl\u00e1vio Bolsonaro (PL-RJ) publicou um v\u00eddeo extenso em suas redes sociais, neste s\u00e1bado (11), expondo as consequ\u00eancias do monitoramento do Pix, proposto pelo governo do presidente Lula (PT).&hellip;<\/p>","protected":false},"author":1,"featured_media":90833,"comment_status":"closed","ping_status":"open","sticky":false,"template":"","format":"standard","meta":{"content-type":"","footnotes":""},"categories":[16],"tags":[123,2448,5313,1267],"class_list":["post-90832","post","type-post","status-publish","format-standard","has-post-thumbnail","hentry","category-noticias","tag-brasil","tag-diario","tag-noticia","tag-noticias"],"_links":{"self":[{"href":"https:\/\/tvbrazilusa.com\/pt\/wp-json\/wp\/v2\/posts\/90832","targetHints":{"allow":["GET"]}}],"collection":[{"href":"https:\/\/tvbrazilusa.com\/pt\/wp-json\/wp\/v2\/posts"}],"about":[{"href":"https:\/\/tvbrazilusa.com\/pt\/wp-json\/wp\/v2\/types\/post"}],"author":[{"embeddable":true,"href":"https:\/\/tvbrazilusa.com\/pt\/wp-json\/wp\/v2\/users\/1"}],"replies":[{"embeddable":true,"href":"https:\/\/tvbrazilusa.com\/pt\/wp-json\/wp\/v2\/comments?post=90832"}],"version-history":[{"count":1,"href":"https:\/\/tvbrazilusa.com\/pt\/wp-json\/wp\/v2\/posts\/90832\/revisions"}],"predecessor-version":[{"id":90834,"href":"https:\/\/tvbrazilusa.com\/pt\/wp-json\/wp\/v2\/posts\/90832\/revisions\/90834"}],"wp:featuredmedia":[{"embeddable":true,"href":"https:\/\/tvbrazilusa.com\/pt\/wp-json\/wp\/v2\/media\/90833"}],"wp:attachment":[{"href":"https:\/\/tvbrazilusa.com\/pt\/wp-json\/wp\/v2\/media?parent=90832"}],"wp:term":[{"taxonomy":"category","embeddable":true,"href":"https:\/\/tvbrazilusa.com\/pt\/wp-json\/wp\/v2\/categories?post=90832"},{"taxonomy":"post_tag","embeddable":true,"href":"https:\/\/tvbrazilusa.com\/pt\/wp-json\/wp\/v2\/tags?post=90832"}],"curies":[{"name":"wp","href":"https:\/\/api.w.org\/{rel}","templated":true}]}}