{"id":90835,"date":"2025-01-12T11:43:33","date_gmt":"2025-01-12T11:43:33","guid":{"rendered":"https:\/\/tvbrazilusa.com\/2025\/01\/12\/suspeito-de-ter-chefiado-ataque-a-assentamento-do-mst-e-preso-pela-policia-civil\/"},"modified":"2025-01-12T11:43:37","modified_gmt":"2025-01-12T11:43:37","slug":"suspeito-de-ter-chefiado-ataque-a-assentamento-do-mst-e-preso-pela-policia-civil","status":"publish","type":"post","link":"https:\/\/tvbrazilusa.com\/pt\/2025\/01\/12\/suspeito-de-ter-chefiado-ataque-a-assentamento-do-mst-e-preso-pela-policia-civil\/","title":{"rendered":"Suspeito de ter chefiado ataque a assentamento do MST \u00e9 preso pela Pol\u00edcia Civil"},"content":{"rendered":"<p> <script async src=\"https:\/\/pagead2.googlesyndication.com\/pagead\/js\/adsbygoogle.js?client=ca-pub-8864793242727901\"\r\n     crossorigin=\"anonymous\"><\/script><br \/>\n<\/p>\n<div id=\"taboola-read-more\" style=\"display:block; width:100%\">\n<p>A Pol\u00edcia Civil informou que prendeu, neste s\u00e1bado (11), um homem acusado de ter participado do ataque a um assentamento do MST em Trememb\u00e9, no interior de S\u00e3o Paulo. Duas pessoas foram mortas e seis ficaram feridas.\n<\/p>\n<p>Em entrevista coletiva, Marcos Ricardo Parra, o delegado seccional de Taubat\u00e9, informou que o homem preso tem 41 anos e \u00e9 apontado como a pessoa que chefiou o ataque.<\/p>\n<p>Segundo o delegado, os policiais conseguiram chegar at\u00e9 o homem, pois, no momento da invas\u00e3o, os criminosos n\u00e3o cobriram o rosto. Com isso, o suspeito, que j\u00e1 era conhecido na comunidade, foi identificado por v\u00edtimas que est\u00e3o hospitalizadas e tamb\u00e9m por testemunhas que presenciaram o crime.\n<\/p>\n<p>Ainda segundo Parra, o homem foi detido e na delegacia confessou para os policiais que ele participou do ataque no assentamento. Agora, comparsas s\u00e3o procurados por participa\u00e7\u00e3o no crime. N\u00e3o h\u00e1 uma estimativa de quantas pessoas cometeram o ataque.\n<\/p>\n<p>\u201cEle confessou o crime. N\u00e3o s\u00f3 confessou, como ele est\u00e1 indicando onde podem ser encontradas as demais pessoas (que participaram do ataque). Al\u00e9m de confessar o crime, ele foi reconhecido por algumas das v\u00edtimas e testemunhas. A gente trabalha na condi\u00e7\u00e3o de certeza da participa\u00e7\u00e3o dele\u201d, afirmou o delegado seccional Marcos Ricardo Parra.\n<\/p>\n<p>O delegado alega que o motivo do ataque ainda \u00e9 investigado, mas que tem rela\u00e7\u00e3o com uma disputa por um lote do assentamento.\n<\/p>\n<p>\u201cCom o assentamento fechado que \u00e9, eles t\u00eam ali um entendimento de existir concord\u00e2ncia para a admiss\u00e3o de pessoas novas no local. At\u00e9 onde a gente apurou, essa concord\u00e2ncia n\u00e3o teria acontecido nessa comercializa\u00e7\u00e3o do terreno\u201d, contou o delegado.\n<\/p>\n<p>\u201cO homem e seu grupo estariam l\u00e1 para, num primeiro momento, intimidar, mas, como n\u00e3o intimidou e aconteceu, na verdade, uma repulsa da presen\u00e7a deles l\u00e1, a gente tem o nascimento de um confronto envolvendo arma branca e arma de fogo e levou a gente para esse resultado tr\u00e1gico de v\u00e1rias mortes e v\u00e1rias pessoas lesionadas\u201d, completou.\n<\/p>\n<p>Por fim, o delegado explicou que ainda n\u00e3o foi descoberto se o homem que foi preso queria adquirir o terreno ou se estava fazendo a negocia\u00e7\u00e3o para um terceiro, mas que o problema teve in\u00edcio por causa da disputa por um lote.\n<\/p>\n<p>\u201cA motiva\u00e7\u00e3o foi o problema interno de pessoas do pr\u00f3prio assentamento, entre elas, ou seja, sem nenhuma conota\u00e7\u00e3o com invas\u00e3o ou prote\u00e7\u00e3o de terra. Foi uma cobran\u00e7a de posi\u00e7\u00e3o em rela\u00e7\u00e3o \u00e0 permiss\u00e3o de negociar o terreno ou n\u00e3o. A gente n\u00e3o conseguiu, at\u00e9 agora, entender se ele era o adquirente ou se ele era o intermedi\u00e1rio. Seja como for, ele estava l\u00e1 para modificar o pensamento dos demais\u201d, disse Parra.\n<\/p>\n<p>Foram apreendidas armas brancas (como foices e facas) e armas de fogo, al\u00e9m de um carro. Tudo passar\u00e1 por per\u00edcia, na tentativa de identificar digitais dos criminosos.\n<\/p>\n<p>A Pol\u00edcia Militar informou que refor\u00e7ou o policiamento na \u00e1rea do assentamento.\n<\/p>\n<\/p>\n<p><strong>Investiga\u00e7\u00e3o da Pol\u00edcia Federal<\/strong>\n<\/p>\n<p>O Minist\u00e9rio da Justi\u00e7a e Seguran\u00e7a P\u00fablica (MJSP) determinou, na tarde deste s\u00e1bado (11), que a Pol\u00edcia Federal (PF) instaure um inqu\u00e9rito para investigar o ataque que ocorreu em um assentamento do MST (Movimento dos Trabalhadores Rurais Sem Terra), em Trememb\u00e9, no interior de S\u00e3o Paulo.\n<\/p>\n<p>Dois homens foram mortos a tiros e seis pessoas ficaram feridas ap\u00f3s serem baleadas, na noite desta sexta-feira (10), na comunidade &#8211; leia mais abaixo.\n<\/p>\n<p>No of\u00edcio enviado para a Pol\u00edcia Federal, o ministro em exerc\u00edcio, Manoel Carlos de Almeida Neto, citou que houve viola\u00e7\u00e3o aos direitos humanos das fam\u00edlias que fazem parte do assentamento.\n<\/p>\n<p>Ainda segundo o Minist\u00e9rio, uma equipe da Pol\u00edcia Federal &#8211; com agentes, perito e papiloscopista &#8211; foi at\u00e9 o assentamento neste s\u00e1bado (11) para dar in\u00edcio \u00e0s investiga\u00e7\u00f5es sobre o crime.\n<\/p>\n<p><strong>O ataque<\/strong>\n<\/p>\n<p>Dois homens foram mortos a tiros e seis pessoas ficaram feridas ap\u00f3s serem baleadas, na noite desta sexta-feira (10), durante um ataque a um assentamento do MST (Movimento dos Trabalhadores Rurais Sem Terra), na zona rural de Trememb\u00e9, no interior de S\u00e3o Paulo.\n<\/p>\n<p>O caso foi registrado na delegacia de plant\u00e3o em Taubat\u00e9 e \u00e9 investigado pela Pol\u00edcia Civil de Trememb\u00e9 como homic\u00eddio e tentativa de homic\u00eddio.\n<\/p>\n<p>De acordo com o boletim de ocorr\u00eancia, o crime aconteceu por volta das 23h, no assentamento Olga Ben\u00e1rio, que fica na Estrada Kanegae.\n<\/p>\n<p>Ainda segundo o documento, testemunhas e sobreviventes relataram para a pol\u00edcia que cinco carros e tr\u00eas motos invadiram o local durante a noite e que as pessoas dos ve\u00edculos efetuaram diversos tiros contra os moradores do local.\n<\/p>\n<p>Consta no boletim de ocorr\u00eancia que Valdir do Nascimento de Jesus, de 52 anos, e Gleison Barbosa de Carvalho, de 28 anos, foram atingidos pelos disparos, n\u00e3o resistiram aos ferimentos e morreram no local.\n<\/p>\n<p>Outras seis pessoas que moram na comunidade foram baleadas e ficaram feridas. Os sobreviventes s\u00e3o tr\u00eas homens e tr\u00eas mulheres.\n<\/p>\n<p>Os baleados foram socorridos e levados para o Hospital Regional de Taubat\u00e9 e para o pronto-socorro de Trememb\u00e9. N\u00e3o h\u00e1 informa\u00e7\u00f5es sobre o estado de sa\u00fade dos feridos.\n<\/p>\n<p>O assentamento \u00e9 regularizado pelo Incra (Instituto Nacional de Coloniza\u00e7\u00e3o e Reforma Agr\u00e1ria) h\u00e1 cerca de 20 anos para o Movimento dos Sem Terra. Segundo a assessoria do MST, cerca de 45 fam\u00edlias vivem no local.\n<\/p>\n<p><strong>Minist\u00e9rio Agr\u00e1rio emite nota de rep\u00fadio<\/strong>\n<\/p>\n<p>O Minist\u00e9rio do Desenvolvimento Agr\u00e1rio e Agricultura Familiar emitiu uma nota de rep\u00fadio, informando que &#8220;repudia o crime e manifesta solidariedade e apoio aos assentados da reforma agr\u00e1ria, especialmente \u00e0s fam\u00edlias de Valdir do Nascimento e do jovem Gleison Barbosa Carvalho, brutalmente assassinados neste caso&#8221;.\n<\/p>\n<p>Ainda segundo a pasta, o ministro do Desenvolvimento Agr\u00e1rio e Agricultura Familiar, Paulo Teixeira, &#8220;entrou em contato com autoridades estaduais e nacionais da \u00e1rea da seguran\u00e7a p\u00fablica para pedir provid\u00eancias e puni\u00e7\u00e3o do crime que classificou como b\u00e1rbaro&#8221;.\n<\/p>\n<p><strong>Minist\u00e9rio dos Direitos Humanos diz que vai refor\u00e7ar prote\u00e7\u00e3o<\/strong>\n<\/p>\n<p>O Minist\u00e9rio de Direitos Humanos e Cidadania informou que &#8220;est\u00e1 buscando mais informa\u00e7\u00f5es sobre os fatos ocorridos e oferecer\u00e1 assist\u00eancia para as lideran\u00e7as do assentamento e sua coletividade&#8221;.\n<\/p>\n<p>Ainda segundo o Minist\u00e9rio, &#8220;o grave ataque contra o assentamento do MST e o assassinato de lideran\u00e7as soma-se aos alertas anteriores para a urg\u00eancia de fortalecimento das pol\u00edticas de prote\u00e7\u00e3o aos defensores de direitos humanos que integrem as esferas federal e estadual, os sistemas de Justi\u00e7a e de Seguran\u00e7a P\u00fablica e as redes de prote\u00e7\u00e3o&#8221;.\n<\/p>\n<p>Em 2025, o Minist\u00e9rio informou que &#8220;vai refor\u00e7ar suas a\u00e7\u00f5es para o fortalecimento das pr\u00e1ticas coletivas de prote\u00e7\u00e3o das comunidades, associa\u00e7\u00f5es, grupos, organiza\u00e7\u00f5es, coletivos e movimentos da sociedade civil que fazem a prote\u00e7\u00e3o popular desses agentes&#8221;.\n<\/p>\n<p>CORRE\u00c7\u00c3O: o g1 informou por volta das 19h deste s\u00e1bado que 3 pessoas morreram no ataque. Na verdade, at\u00e9 aquele hor\u00e1rio e at\u00e9 a \u00faltima atualiza\u00e7\u00e3o desta reportagem, o n\u00famero de morte confirmadas \u00e9 2. Esta reportagem foi atualizada \u00e0s 20h50 com essa corre\u00e7\u00e3o.\n<\/p>\n<p>Fonte: g1              <\/p>\n<\/div>\n<p><br \/>\n<br \/><a href=\"https:\/\/diariodobrasilnoticias.com.br\/noticia\/suspeito-de-ter-chefiado-ataque-a-assentamento-do-mst-e-preso-pela-policia-civil-6783a70439802\">Source link <\/a><\/p>","protected":false},"excerpt":{"rendered":"<p>A Pol\u00edcia Civil informou que prendeu, neste s\u00e1bado (11), um homem acusado de ter participado do ataque a um assentamento do MST em Trememb\u00e9, no interior de S\u00e3o Paulo. Duas&hellip;<\/p>","protected":false},"author":1,"featured_media":90836,"comment_status":"closed","ping_status":"open","sticky":false,"template":"","format":"standard","meta":{"content-type":"","footnotes":""},"categories":[16],"tags":[123,2448,5313,1267],"class_list":["post-90835","post","type-post","status-publish","format-standard","has-post-thumbnail","hentry","category-noticias","tag-brasil","tag-diario","tag-noticia","tag-noticias"],"_links":{"self":[{"href":"https:\/\/tvbrazilusa.com\/pt\/wp-json\/wp\/v2\/posts\/90835","targetHints":{"allow":["GET"]}}],"collection":[{"href":"https:\/\/tvbrazilusa.com\/pt\/wp-json\/wp\/v2\/posts"}],"about":[{"href":"https:\/\/tvbrazilusa.com\/pt\/wp-json\/wp\/v2\/types\/post"}],"author":[{"embeddable":true,"href":"https:\/\/tvbrazilusa.com\/pt\/wp-json\/wp\/v2\/users\/1"}],"replies":[{"embeddable":true,"href":"https:\/\/tvbrazilusa.com\/pt\/wp-json\/wp\/v2\/comments?post=90835"}],"version-history":[{"count":1,"href":"https:\/\/tvbrazilusa.com\/pt\/wp-json\/wp\/v2\/posts\/90835\/revisions"}],"predecessor-version":[{"id":90837,"href":"https:\/\/tvbrazilusa.com\/pt\/wp-json\/wp\/v2\/posts\/90835\/revisions\/90837"}],"wp:featuredmedia":[{"embeddable":true,"href":"https:\/\/tvbrazilusa.com\/pt\/wp-json\/wp\/v2\/media\/90836"}],"wp:attachment":[{"href":"https:\/\/tvbrazilusa.com\/pt\/wp-json\/wp\/v2\/media?parent=90835"}],"wp:term":[{"taxonomy":"category","embeddable":true,"href":"https:\/\/tvbrazilusa.com\/pt\/wp-json\/wp\/v2\/categories?post=90835"},{"taxonomy":"post_tag","embeddable":true,"href":"https:\/\/tvbrazilusa.com\/pt\/wp-json\/wp\/v2\/tags?post=90835"}],"curies":[{"name":"wp","href":"https:\/\/api.w.org\/{rel}","templated":true}]}}