{"id":90838,"date":"2025-01-12T11:55:50","date_gmt":"2025-01-12T11:55:50","guid":{"rendered":"https:\/\/tvbrazilusa.com\/2025\/01\/12\/michelle-bolsonaro-critica-veto-do-governo-lula-a-pensao-por-microcefalia-governo-maldito\/"},"modified":"2025-01-12T11:55:51","modified_gmt":"2025-01-12T11:55:51","slug":"michelle-bolsonaro-critica-veto-do-governo-lula-a-pensao-por-microcefalia-governo-maldito","status":"publish","type":"post","link":"https:\/\/tvbrazilusa.com\/pt\/2025\/01\/12\/michelle-bolsonaro-critica-veto-do-governo-lula-a-pensao-por-microcefalia-governo-maldito\/","title":{"rendered":"Michelle Bolsonaro critica veto do governo Lula \u00e0 pens\u00e3o por microcefalia: &#8216;Governo maldito&#8217;"},"content":{"rendered":"<p> <script async src=\"https:\/\/pagead2.googlesyndication.com\/pagead\/js\/adsbygoogle.js?client=ca-pub-8864793242727901\"\r\n     crossorigin=\"anonymous\"><\/script><br \/>\n<\/p>\n<div id=\"taboola-read-more\" style=\"display:block; width:100%\">\n<p>A ex-primeira-dama Michelle Bolsonaro criticou neste s\u00e1bado (11.jan.2025) o governo do presidente Luiz In\u00e1cio Lula da Silva (PT) depois de ele vetar a pens\u00e3o vital\u00edcia para crian\u00e7as com microcefalia.\n<\/p>\n<p>Michelle compartilhou uma not\u00edcia nos Stories de seu perfil no Instagram e escreveu a seguinte mensagem: \u201cGoverno maldito\u201d. Com a decis\u00e3o do presidente, as fam\u00edlias receber\u00e3o uma indeniza\u00e7\u00e3o \u00fanica de R$ 60.000. O pagamento beneficia nascidos entre 1\u00ba de janeiro de 2015 e 31 de dezembro de 2024.<\/p>\n<\/p>\n<p>O ex-presidente Jair Bolsonaro (PL) se manifestou na 6\u00aa feira (10.jan). No X (ex-Twitter), o antigo chefe do Executivo publicou uma foto ao lado de uma crian\u00e7a com a doen\u00e7a provocada pelo zika v\u00edrus e lembrou na legenda que a MP (medida provis\u00f3ria) que garantia o benef\u00edcio vital\u00edcio foi assinada por ele em 2019.\n<\/p>\n<p><img fetchpriority=\"high\" decoding=\"async\" src=\"https:\/\/static.poder360.com.br\/2025\/01\/bolsonaro-lula-zikavirus-10-jan-2025.png\" alt=\"\" width=\"926\" height=\"1252\"\/>\n<\/p>\n<p>Fonte: Poder360              <\/p>\n<\/div>\n<p><br \/>\n<br \/><a href=\"https:\/\/diariodobrasilnoticias.com.br\/noticia\/michelle-bolsonaro-critica-veto-do-governo-lula-a-pensao-por-microcefalia-governo-maldito-6783a8d7eafd4\">Source link <\/a><\/p>","protected":false},"excerpt":{"rendered":"<p>A ex-primeira-dama Michelle Bolsonaro criticou neste s\u00e1bado (11.jan.2025) o governo do presidente Luiz In\u00e1cio Lula da Silva (PT) depois de ele vetar a pens\u00e3o vital\u00edcia para crian\u00e7as com microcefalia. Michelle&hellip;<\/p>","protected":false},"author":1,"featured_media":90839,"comment_status":"closed","ping_status":"open","sticky":false,"template":"","format":"standard","meta":{"content-type":"","footnotes":""},"categories":[16],"tags":[123,2448,5313,1267],"class_list":["post-90838","post","type-post","status-publish","format-standard","has-post-thumbnail","hentry","category-noticias","tag-brasil","tag-diario","tag-noticia","tag-noticias"],"_links":{"self":[{"href":"https:\/\/tvbrazilusa.com\/pt\/wp-json\/wp\/v2\/posts\/90838","targetHints":{"allow":["GET"]}}],"collection":[{"href":"https:\/\/tvbrazilusa.com\/pt\/wp-json\/wp\/v2\/posts"}],"about":[{"href":"https:\/\/tvbrazilusa.com\/pt\/wp-json\/wp\/v2\/types\/post"}],"author":[{"embeddable":true,"href":"https:\/\/tvbrazilusa.com\/pt\/wp-json\/wp\/v2\/users\/1"}],"replies":[{"embeddable":true,"href":"https:\/\/tvbrazilusa.com\/pt\/wp-json\/wp\/v2\/comments?post=90838"}],"version-history":[{"count":1,"href":"https:\/\/tvbrazilusa.com\/pt\/wp-json\/wp\/v2\/posts\/90838\/revisions"}],"predecessor-version":[{"id":90840,"href":"https:\/\/tvbrazilusa.com\/pt\/wp-json\/wp\/v2\/posts\/90838\/revisions\/90840"}],"wp:featuredmedia":[{"embeddable":true,"href":"https:\/\/tvbrazilusa.com\/pt\/wp-json\/wp\/v2\/media\/90839"}],"wp:attachment":[{"href":"https:\/\/tvbrazilusa.com\/pt\/wp-json\/wp\/v2\/media?parent=90838"}],"wp:term":[{"taxonomy":"category","embeddable":true,"href":"https:\/\/tvbrazilusa.com\/pt\/wp-json\/wp\/v2\/categories?post=90838"},{"taxonomy":"post_tag","embeddable":true,"href":"https:\/\/tvbrazilusa.com\/pt\/wp-json\/wp\/v2\/tags?post=90838"}],"curies":[{"name":"wp","href":"https:\/\/api.w.org\/{rel}","templated":true}]}}