{"id":90844,"date":"2025-01-12T12:14:09","date_gmt":"2025-01-12T12:14:09","guid":{"rendered":"https:\/\/tvbrazilusa.com\/2025\/01\/12\/lula-um-pe-na-democracia-e-outro-na-venezuela-de-maduro\/"},"modified":"2025-01-12T12:14:10","modified_gmt":"2025-01-12T12:14:10","slug":"lula-um-pe-na-democracia-e-outro-na-venezuela-de-maduro","status":"publish","type":"post","link":"https:\/\/tvbrazilusa.com\/pt\/2025\/01\/12\/lula-um-pe-na-democracia-e-outro-na-venezuela-de-maduro\/","title":{"rendered":"Lula: um p\u00e9 na democracia e outro na Venezuela de Maduro"},"content":{"rendered":"<p> <script async src=\"https:\/\/pagead2.googlesyndication.com\/pagead\/js\/adsbygoogle.js?client=ca-pub-8864793242727901\"\r\n     crossorigin=\"anonymous\"><\/script><br \/>\n<\/p>\n<div id=\"taboola-read-more\" style=\"display:block; width:100%\">\n<p>Tudo o que eu tenho escrito e dito de relativamente importante a prop\u00f3sito de filosofia pol\u00edtica pode ser resumido em uma tentativa de mostrar a necessidade de nos recolocarmos no fluxo da evolu\u00e7\u00e3o de uma tradi\u00e7\u00e3o democr\u00e1tica, liberal e humanista que se iniciou na Gr\u00e9cia como um anelo, um anseio, um el\u00e3 por justi\u00e7a e por liberdade.\n<\/p>\n<p>A configura\u00e7\u00e3o social, o regime pol\u00edtico, o sistema de governo que mais se aproxima da concretiza\u00e7\u00e3o desse anseio \u00e9 a democracia.<\/p>\n<p>O ter que qualificar tal modelo ao qual me refiro como democracia liberal seria desnecess\u00e1rio se a palavra democracia n\u00e3o tivesse sido deturpada, manipulada e instrumentalizada para defender justamente o seu oposto, dando ares de legitimidade a a\u00e7\u00f5es que lhe defraudam os princ\u00edpios.\n<\/p>\n<p>Essa manipula\u00e7\u00e3o maquiav\u00e9lica daquilo que, para al\u00e9m de um mero conceito, \u00e9 tamb\u00e9m um valor, atingiu n\u00edveis estratosf\u00e9ricos de cinismo, no Brasil, na semana passada, marcada pela pat\u00e9tica cerim\u00f4nia lulista em lembran\u00e7a dos dois anos do 8 de janeiro de 2023, pela presen\u00e7a de representantes brasileiros e dirigentes petistas na posse de um ditador e pela histeria censora em torno da decis\u00e3o da Meta de descentralizar a checagem de postagens nas redes sociais.\n<\/p>\n<p><strong>Abra\u00e7o de amante na democracia relativa<\/strong>\n<\/p>\n<p>Como foi bem pontuado por alguns poucos editoriais e artigos de quem prefere exercer o senso cr\u00edtico \u00e0 bajula\u00e7\u00e3o, Lula se apropriou do 8 de janeiro para posar, mais uma vez, de grande defensor da democracia. Nada mais distante da verdade.\n<\/p>\n<p>Em um discurso que deveria ser solene, o presidente largou essa p\u00e9rola: n\u00e3o sou nem marido, eu sou um amante da democracia. Porque, a maioria das vezes, os amantes s\u00e3o mais apaixonados pelas amantes do que pelas mulheres.\u201d\n<\/p>\n<p>Ah, a linguagem! Essa dama que os mal-intencionados tentam manipular, acabando presos nas suas complexas redes de sentido. Ao tentar exagerar o seu suposto ardor amoroso pela democracia, Lula apenas entregou a baixeza do seu car\u00e1ter como homem: um homem vulgar, para quem \u00e9 normal ter amantes e am\u00e1-las mais que a pr\u00f3pria esposa.\n<\/p>\n<p>Depois da tosca improvisa\u00e7\u00e3o do discurso, Lula deu continuidade ao cerimonial pat\u00e9tico: partiu rumo ao evento \u201cabra\u00e7o \u00e0 democracia\u201d onde minguadas centenas de militantes de esquerda deram as m\u00e3os e simbolizaram um abra\u00e7o em torno da palavra democracia, escrita com flores que estavam em vasos no ch\u00e3o da Pra\u00e7a dos Tr\u00eas Poderes.\n<\/p>\n<p><strong>Lula X Maria Corina Machado<\/strong>\n<\/p>\n<p>Em 9 de janeiro, um dia depois da encena\u00e7\u00e3o novelesca do suposto amor lulista pela democracia, dava-se, no pa\u00eds vizinho, um ato de genu\u00edna coragem e zelo democr\u00e1tico: milh\u00f5es de venezuelanos sa\u00edam mais uma vez \u00e0s ruas para cobrar respeito \u00e0 vontade popular, que elegeu o ex-diplomata Edmundo Gonz\u00e1lez Utirra como presidente da Rep\u00fablica.\n<\/p>\n<p>A intimorata l\u00edder Maria Corina Machado saiu da clandestinidade e foi ter com o povo. Antes disso, j\u00e1 havia declarado: \u201cse alguma coisa acontecer comigo, a instru\u00e7\u00e3o \u00e9 muito clara para a minha equipe, para os venezuelanos: ningu\u00e9m vai negociar a liberdade da Venezuela por minha causa.\u201d\n<\/p>\n<p>Como brilha a virtude para quem tem olhos para discerni-la! Como a for\u00e7a e grandeza dessa mulher ofusca e apequena ainda mais certas figuras que desempenham o papel de lideran\u00e7a pol\u00edtica! Lula, por exemplo, jamais citou o seu nome. Certa feita, comparou-se a ela sem citar seu nome e, em tom de deboche, asseverou n\u00e3o ter ficado chorando quando ele pr\u00f3prio foi impedido de se candidatar\u2026\n<\/p>\n<p>Ah, a inveja! Como sofre a alma que dela padece\u2026como se contorce o indiv\u00edduo vaidoso e moralmente d\u00e9bil, fustigado no seu orgulho ao ser confrontado por um indiv\u00edduo valoroso, portador da honra de que ele carece. Sobra-lhe isso: o deboche.\n<\/p>\n<p>Ao sair da grandiosa manifesta\u00e7\u00e3o, Corina Machado teve a moto que a conduzia interceptada pela Guarda Nacional Bolivariana. Ela foi, ent\u00e3o, forte e bruscamente arrancada do seu ve\u00edculo e colocada em outra moto entre dois homens.\n<\/p>\n<p>Gra\u00e7as \u00e0s redes sociais (essa ferramenta de intera\u00e7\u00e3o global que a esquerda lulista est\u00e1 fortemente empenhada em censurar), a not\u00edcia do seu sequestro se espalhou rapidamente e, em quest\u00e3o de minutos, autoridades de diversos pa\u00edses mandaram duros recados exigindo sua imediata libera\u00e7\u00e3o. O Brasil de Lula, claro, permaneceu em sil\u00eancio.\n<\/p>\n<p><strong>\u201cAmante secreto de Maduro\u201d<\/strong>\n<\/p>\n<p>No dia seguinte, 10 de janeiro, como se nada tivesse ocorrido, Lula enviou \u00e0 Venezuela uma embaixadora brasileira para, ao lado dos ditadores de Cuba e da Nicar\u00e1gua, participar do teatro que consumou o autogolpe de Estado com o qual Nicol\u00e1s Maduro pretende se perpetuar no poder e continuar matando seu povo de terror e de fome.\n<\/p>\n<p>A proximidade dos dois eventos \u2013 o \u201cabra\u00e7o da democracia\u201d na Pra\u00e7a dos tr\u00eas poderes, em 8 de janeiro, e o endosso do Brasil ao golpe do ditador vizinho, no dia 10 \u2013 explicitou ainda mais a incoer\u00eancia, a hipocrisia, o cinismo e at\u00e9 a maldade de quem se vale do nome democracia para fazer avan\u00e7ar a tirania, que \u00e9 o seu exato oposto.\n<\/p>\n<p>Dentre os v\u00e1rios coment\u00e1rios e trocadilhos aos quais o discurso improvisado de Lula, em 8 de janeiro, deu ensejo, foi do senador Sergio Moro o mais certeiro. Lula n\u00e3o \u00e9 amante da democracia; \u201cLula \u00e9 o amante secreto de Maduro.\u201d\n<\/p>\n<p>Fonte: O Antagonista              <\/p>\n<\/div>\n<p><br \/>\n<br \/><a href=\"https:\/\/diariodobrasilnoticias.com.br\/noticia\/lula-um-pe-na-democracia-e-outro-na-venezuela-de-maduro-67839a212285b\">Source link <\/a><\/p>","protected":false},"excerpt":{"rendered":"<p>Tudo o que eu tenho escrito e dito de relativamente importante a prop\u00f3sito de filosofia pol\u00edtica pode ser resumido em uma tentativa de mostrar a necessidade de nos recolocarmos no&hellip;<\/p>","protected":false},"author":1,"featured_media":90845,"comment_status":"closed","ping_status":"open","sticky":false,"template":"","format":"standard","meta":{"content-type":"","footnotes":""},"categories":[16],"tags":[123,2448,5313,1267],"class_list":["post-90844","post","type-post","status-publish","format-standard","has-post-thumbnail","hentry","category-noticias","tag-brasil","tag-diario","tag-noticia","tag-noticias"],"_links":{"self":[{"href":"https:\/\/tvbrazilusa.com\/pt\/wp-json\/wp\/v2\/posts\/90844","targetHints":{"allow":["GET"]}}],"collection":[{"href":"https:\/\/tvbrazilusa.com\/pt\/wp-json\/wp\/v2\/posts"}],"about":[{"href":"https:\/\/tvbrazilusa.com\/pt\/wp-json\/wp\/v2\/types\/post"}],"author":[{"embeddable":true,"href":"https:\/\/tvbrazilusa.com\/pt\/wp-json\/wp\/v2\/users\/1"}],"replies":[{"embeddable":true,"href":"https:\/\/tvbrazilusa.com\/pt\/wp-json\/wp\/v2\/comments?post=90844"}],"version-history":[{"count":1,"href":"https:\/\/tvbrazilusa.com\/pt\/wp-json\/wp\/v2\/posts\/90844\/revisions"}],"predecessor-version":[{"id":90846,"href":"https:\/\/tvbrazilusa.com\/pt\/wp-json\/wp\/v2\/posts\/90844\/revisions\/90846"}],"wp:featuredmedia":[{"embeddable":true,"href":"https:\/\/tvbrazilusa.com\/pt\/wp-json\/wp\/v2\/media\/90845"}],"wp:attachment":[{"href":"https:\/\/tvbrazilusa.com\/pt\/wp-json\/wp\/v2\/media?parent=90844"}],"wp:term":[{"taxonomy":"category","embeddable":true,"href":"https:\/\/tvbrazilusa.com\/pt\/wp-json\/wp\/v2\/categories?post=90844"},{"taxonomy":"post_tag","embeddable":true,"href":"https:\/\/tvbrazilusa.com\/pt\/wp-json\/wp\/v2\/tags?post=90844"}],"curies":[{"name":"wp","href":"https:\/\/api.w.org\/{rel}","templated":true}]}}