{"id":90871,"date":"2025-01-12T13:36:36","date_gmt":"2025-01-12T13:36:36","guid":{"rendered":"https:\/\/tvbrazilusa.com\/2025\/01\/12\/membros-do-conselhao-do-lula-ja-gastaram-r-22-milhoes-em-viagens-durante-2-anos-de-governo\/"},"modified":"2025-01-12T13:36:37","modified_gmt":"2025-01-12T13:36:37","slug":"membros-do-conselhao-do-lula-ja-gastaram-r-22-milhoes-em-viagens-durante-2-anos-de-governo","status":"publish","type":"post","link":"https:\/\/tvbrazilusa.com\/pt\/2025\/01\/12\/membros-do-conselhao-do-lula-ja-gastaram-r-22-milhoes-em-viagens-durante-2-anos-de-governo\/","title":{"rendered":"Membros do &#8216;Conselh\u00e3o&#8217; do Lula j\u00e1 gastaram R$ 2,2 milh\u00f5es em viagens durante 2 anos de governo"},"content":{"rendered":"<p> <script async src=\"https:\/\/pagead2.googlesyndication.com\/pagead\/js\/adsbygoogle.js?client=ca-pub-8864793242727901\"\r\n     crossorigin=\"anonymous\"><\/script><br \/>\n<\/p>\n<div id=\"taboola-read-more\" style=\"display:block; width:100%\">\n<p>O governo do presidente Luiz In\u00e1cio Lula da Silva (PT) gastou, nos \u00faltimos dois anos, R$ 2,2 milh\u00f5es em viagens de membros do Conselho de Desenvolvimento Econ\u00f4mico e Social, o chamado Conselh\u00e3o.\n<\/p>\n<p>Para onde foi o valor:<\/p>\n<p>Dados obtidos pelo Metr\u00f3poles via Lei de Acesso \u00e0 Informa\u00e7\u00e3o, junto \u00e0 Secretaria de Rela\u00e7\u00f5es Institucionais da Presid\u00eancia, apontam que, somadas 2023 e 2024, as viagens de conselheiros chegam a R$ 2,2 milh\u00f5es.\n<\/p>\n<p>Em 2023, foi desembolsado R$ 1,1 milh\u00e3o, sendo que R$ 897 mil correspondem aos gastos com passagens e R$ 249 mil, em di\u00e1rias.\n<\/p>\n<p>J\u00e1 no ano passado, as passagens somaram R$ 738 mil, enquanto as di\u00e1rias ficaram em R$ 324 mil.\n<\/p>\n<p>As viagens s\u00e3o pagas apenas aos membros do conselho que solicitam a verba de natureza indenizat\u00f3ria.\n<\/p>\n<p>\u00c0 reportagem, a SRI ressaltou que o conselho \u00e9 composto por 249 membros, de diferentes unidades da federa\u00e7\u00e3o e origens sociais diversas. Al\u00e9m disso, pontuou que, desde a recria\u00e7\u00e3o do colegiado, foram realizadas quatro reuni\u00f5es plen\u00e1rias, em Bras\u00edlia, que demandam o deslocamento dos membros at\u00e9 a capital federal.\n<\/p>\n<p>Em resposta ao pedido de acesso \u00e0 informa\u00e7\u00e3o, a SRI n\u00e3o detalhou quais membros do conselho fizeram uso do recurso, mas, de acordo com dados do painel de viagens do governo, conselheiros campe\u00f5es de gastos passagens e di\u00e1rias foram:\n<\/p>\n<p>Ana Carolina Lima da Costa, advogada: R$27.026,23\n<\/p>\n<p>Fernando Guimar\u00e3es Rodrigues, coordenador da iniciativa Direitos J\u00e1!: R$20.047,49\n<\/p>\n<p>Deyvid Souza Barcelar da Silva, coordenador da Federac\u0327a\u0303o U\u0301nica dos Petroleiros (FUP): R$16.275,33\n<\/p>\n<p>Elisa Vieira Wandelli, professora: R$15.897,03\n<\/p>\n<p>Jo\u00e3o Carlos Nogueira, soci\u00f3logo: R$12.820,40\n<\/p>\n<p>A SRI informou que, dentre os nomes mencionados, est\u00e3o conselheiros que atuam no Comit\u00ea Gestor, respons\u00e1vel pela administra\u00e7\u00e3o do Conselh\u00e3o.\u201dSuas reuni\u00f5es acontecem de forma bimestral, tendo como consequ\u00eancia maior emiss\u00e3o de passagens nesses casos espec\u00edficos\u201d, diz a secretaria.\n<\/p>\n<p>\u201cPor \u00faltimo, faz-se necess\u00e1rio elucidar que a grande maioria das atividades do Conselh\u00e3o, sobretudo no que se relaciona a seus grupos de trabalho e comiss\u00f5es, acontecem de modo remoto, sem qualquer tipo de impacto ao er\u00e1rio publico\u201d, pontuou.\n<\/p>\n<p><strong>Composi\u00e7\u00e3o do conselh\u00e3o<\/strong>\n<\/p>\n<p>O Conselh\u00e3o foi criado em 2003 durante o primeiro mandato de Lula e funcionou at\u00e9 2019, quando o ent\u00e3o presidente Jair Bolsonaro (PL) extinguiu o \u00f3rg\u00e3o. Em 1\u00ba de janeiro de 2023 Lula recriou o conselho em um dos primeiros atos de sua gest\u00e3o.\n<\/p>\n<p>O \u00f3rg\u00e3o \u00e9 composto pelo presidente, o vice-presidente e o ministro das Secretaria de Rela\u00e7\u00f5es Institucionais, al\u00e9m de representantes da sociedade. A principal fun\u00e7\u00e3o do colegiado \u00e9 assessorar o chefe do Executivo na formula\u00e7\u00e3o de pol\u00edticas p\u00fablicas.\n<\/p>\n<p>Entre os membros, est\u00e3o a empres\u00e1ria Luiza Trajano, os influenciadores Felipe Neto e Nath Finan\u00e7as, e o padre J\u00falio Lancellotti.\u00a0\n<\/p>\n<p><strong>Confira o posicionamento da SRI<\/strong>\n<\/p>\n<p><em>Informamos que o Conselho de Desenvolvimento Econ\u00f4mico Social Sustent\u00e1vel \u00e9 composto por 249 membros, provenientes de todas unidades da federa\u00e7\u00e3o e das mais diversas origens sociais. Nessa linha, s\u00e3o emitidas passagens e s\u00e3o pagas di\u00e1rias apenas aqueles conselheiros que efetivamente solicitam essas verbas de natureza indenizat\u00f3ria.<\/em>\n<\/p>\n<p><em>Deve-se levar em conta que, desde a recria\u00e7\u00e3o do colegiado em 2023, foram realizadas quatro reuni\u00f5es plen\u00e1rias em Bras\u00edlia, as quais mobilizam boa parte dos membros do Conselh\u00e3o, incorrendo assim em despesas para a consecu\u00e7\u00e3o da participa\u00e7\u00e3o social por meio desse \u00f3rg\u00e3o de governan\u00e7a.<\/em>\n<\/p>\n<p><em>Ressaltamos ainda que, da listagem citada, h\u00e1 conselheiros que atuam no Comit\u00ea Gestor, respons\u00e1vel pela administra\u00e7\u00e3o do Conselh\u00e3o. Suas reuni\u00f5es acontecem de forma bimestral, tendo como consequ\u00eancia maior emiss\u00e3o de passagens nesses casos espec\u00edficos.<\/em>\n<\/p>\n<p><em>Por \u00faltimo, faz-se necess\u00e1rio elucidar que a grande maioria das atividades do Conselh\u00e3o, sobretudo no que se relaciona a seus grupos de trabalho e comiss\u00f5es, acontecem de modo remoto, sem qualquer tipo de impacto ao er\u00e1rio publico.<\/em>\n<\/p>\n<p>Fonte: Metr\u00f3poles              <\/p>\n<\/div>\n<p><br \/>\n<br \/><a href=\"https:\/\/diariodobrasilnoticias.com.br\/noticia\/membros-do-conselhao-do-lula-ja-gastaram-r-2-2-milhoes-em-viagens-durante-2-anos-de-governo-6783a1e4418a7\">Source link <\/a><\/p>","protected":false},"excerpt":{"rendered":"<p>O governo do presidente Luiz In\u00e1cio Lula da Silva (PT) gastou, nos \u00faltimos dois anos, R$ 2,2 milh\u00f5es em viagens de membros do Conselho de Desenvolvimento Econ\u00f4mico e Social, o&hellip;<\/p>","protected":false},"author":1,"featured_media":90872,"comment_status":"closed","ping_status":"open","sticky":false,"template":"","format":"standard","meta":{"content-type":"","footnotes":""},"categories":[16],"tags":[123,2448,5313,1267],"class_list":["post-90871","post","type-post","status-publish","format-standard","has-post-thumbnail","hentry","category-noticias","tag-brasil","tag-diario","tag-noticia","tag-noticias"],"_links":{"self":[{"href":"https:\/\/tvbrazilusa.com\/pt\/wp-json\/wp\/v2\/posts\/90871","targetHints":{"allow":["GET"]}}],"collection":[{"href":"https:\/\/tvbrazilusa.com\/pt\/wp-json\/wp\/v2\/posts"}],"about":[{"href":"https:\/\/tvbrazilusa.com\/pt\/wp-json\/wp\/v2\/types\/post"}],"author":[{"embeddable":true,"href":"https:\/\/tvbrazilusa.com\/pt\/wp-json\/wp\/v2\/users\/1"}],"replies":[{"embeddable":true,"href":"https:\/\/tvbrazilusa.com\/pt\/wp-json\/wp\/v2\/comments?post=90871"}],"version-history":[{"count":1,"href":"https:\/\/tvbrazilusa.com\/pt\/wp-json\/wp\/v2\/posts\/90871\/revisions"}],"predecessor-version":[{"id":90873,"href":"https:\/\/tvbrazilusa.com\/pt\/wp-json\/wp\/v2\/posts\/90871\/revisions\/90873"}],"wp:featuredmedia":[{"embeddable":true,"href":"https:\/\/tvbrazilusa.com\/pt\/wp-json\/wp\/v2\/media\/90872"}],"wp:attachment":[{"href":"https:\/\/tvbrazilusa.com\/pt\/wp-json\/wp\/v2\/media?parent=90871"}],"wp:term":[{"taxonomy":"category","embeddable":true,"href":"https:\/\/tvbrazilusa.com\/pt\/wp-json\/wp\/v2\/categories?post=90871"},{"taxonomy":"post_tag","embeddable":true,"href":"https:\/\/tvbrazilusa.com\/pt\/wp-json\/wp\/v2\/tags?post=90871"}],"curies":[{"name":"wp","href":"https:\/\/api.w.org\/{rel}","templated":true}]}}