{"id":90880,"date":"2025-01-12T14:14:32","date_gmt":"2025-01-12T14:14:32","guid":{"rendered":"https:\/\/tvbrazilusa.com\/2025\/01\/12\/dados-apontam-que-o-brasil-exportou-menos-para-a-asia-e-a-america-do-sul-em-2024-veja-os-numeros\/"},"modified":"2025-01-12T14:14:36","modified_gmt":"2025-01-12T14:14:36","slug":"dados-apontam-que-o-brasil-exportou-menos-para-a-asia-e-a-america-do-sul-em-2024-veja-os-numeros","status":"publish","type":"post","link":"https:\/\/tvbrazilusa.com\/pt\/2025\/01\/12\/dados-apontam-que-o-brasil-exportou-menos-para-a-asia-e-a-america-do-sul-em-2024-veja-os-numeros\/","title":{"rendered":"Dados apontam que o Brasil exportou menos para a \u00c1sia e a Am\u00e9rica do Sul em 2024; veja os n\u00fameros"},"content":{"rendered":"<p> <script async src=\"https:\/\/pagead2.googlesyndication.com\/pagead\/js\/adsbygoogle.js?client=ca-pub-8864793242727901\"\r\n     crossorigin=\"anonymous\"><\/script><br \/>\n<\/p>\n<div id=\"taboola-read-more\" style=\"display:block; width:100%\">\n<p>O com\u00e9rcio exterior brasileiro registrou uma redu\u00e7\u00e3o de exporta\u00e7\u00f5es para a \u00c1sia em 2024 na compara\u00e7\u00e3o com o ano anterior. A queda no volume cambial foi de 5,3% \u2013sem considerar o Oriente M\u00e9dio, que tem uma configura\u00e7\u00e3o no fluxo diferente do resto do continente.\n<\/p>\n<p>Apesar da retra\u00e7\u00e3o, os pa\u00edses asi\u00e1ticos ainda concentram o maior montante (US$ 144,4 bilh\u00f5es) das vendas do Brasil ao exterior.<\/p>\n<p>A Am\u00e9rica do Sul tamb\u00e9m apresentou retra\u00e7\u00e3o como destino para as exporta\u00e7\u00f5es brasileiras. Nesse caso, foi mais expressiva (-14,0%).\n<\/p>\n<p>Por outro lado, houve alta de 6,2% nas exporta\u00e7\u00f5es \u00e0 Am\u00e9rica do Norte. Os dados s\u00e3o do Minist\u00e9rio do Desenvolvimento, Ind\u00fastria, Com\u00e9rcio e Servi\u00e7os.\n<\/p>\n<p><strong>Leia o detalhamento no infogr\u00e1fico abaixo:<\/strong>\n<\/p>\n<\/p>\n<p>S\u00f3cio da BMJ Consultoria, Welber Barral diz que a queda para a \u00c1sia foi influenciada por causa da desvaloriza\u00e7\u00e3o de algumas commodities agr\u00edcolas em 2024. O resultado foi puxado especialmente pelo fluxo com a China, o maior parceiro comercial do Brasil.\n<\/p>\n<p>\u201cQuando voc\u00ea pega a exporta\u00e7\u00e3o brasileira para a China, fundamentalmente est\u00e1 falando de min\u00e9rio de ferro, soja e milho. Esses 3 produtos perderam pre\u00e7o em 2024\u201d, declarou ao Poder360.\n<\/p>\n<p>Commodities s\u00e3o bens b\u00e1sicos de origem natural ou agr\u00edcola. Exemplos incluem gr\u00e3os e metais.\n<\/p>\n<p>J\u00e1 o aumento para a Am\u00e9rica do Norte veio pela venda de petr\u00f3leo, principalmente aos Estados Unidos, segundo Welber.\u201cO Brasil exporta muito petr\u00f3leo cru para os EUA e importa derivados\u201d, disse.\n<\/p>\n<p>No caso da Am\u00e9rica o Sul, o impacto veio por parte da Argentina. O pa\u00eds teve duas quedas consecutivas no PIB (Produto Interno Bruto) e s\u00f3 voltou a crescer no 3\u00ba trimestre, o que diminuiu o poder de compra no ano.\n<\/p>\n<p>\u201cA Argentina \u00e9 o principal importador de produtos manufaturados brasileiros. Isso acaba afetando tamb\u00e9m o resultado da balan\u00e7a do Brasil para a Am\u00e9rica do Sul como um todo\u201d, afirmou o especialista.\n<\/p>\n<p>China, Estados Unidos e Argentina s\u00e3o os 3 maiores parceiros comerciais do Brasil. A na\u00e7\u00e3o asi\u00e1tica lidera a participa\u00e7\u00e3o nas vendas ao exterior e concentra 28% do volume cambial das exporta\u00e7\u00f5es (US$ 94,4 bilh\u00f5es).\n<\/p>\n<p><strong>Leia no infogr\u00e1fico abaixo:<\/strong>\n<\/p>\n<p><img fetchpriority=\"high\" decoding=\"async\" src=\"https:\/\/static.poder360.com.br\/2025\/01\/comercio-exterior-balanca-comercial-9-jan-2025-12-2048x2048.png\" alt=\"\" width=\"2048\" height=\"2048\"\/>\n<\/p>\n<p>O top 10 de destinos das vendas brasileiras tamb\u00e9m inclui pa\u00edses da Europa. A maior mudan\u00e7a em rela\u00e7\u00e3o ao ranking de 2023 foi a Alemanha, que subiu de posi\u00e7\u00e3o e passou a ocupar o 10\u00ba lugar.\n<\/p>\n<p><strong>Compare o fluxo:<\/strong>\n<\/p>\n<p><img decoding=\"async\" src=\"https:\/\/static.poder360.com.br\/2025\/01\/comercio-exterior-balanca-comercial-9-jan-2025-13-2048x2048.png\" alt=\"\" width=\"2048\" height=\"2048\"\/>\n<\/p>\n<p>Fonte: Poder360              <\/p>\n<\/div>\n<p><br \/>\n<br \/><a href=\"https:\/\/diariodobrasilnoticias.com.br\/noticia\/dados-apontam-que-o-brasil-exportou-menos-para-a-asia-e-a-america-do-sul-em-2024-veja-os-numeros-6783c7356a427\">Source link <\/a><\/p>","protected":false},"excerpt":{"rendered":"<p>O com\u00e9rcio exterior brasileiro registrou uma redu\u00e7\u00e3o de exporta\u00e7\u00f5es para a \u00c1sia em 2024 na compara\u00e7\u00e3o com o ano anterior. A queda no volume cambial foi de 5,3% \u2013sem considerar&hellip;<\/p>","protected":false},"author":1,"featured_media":90881,"comment_status":"closed","ping_status":"open","sticky":false,"template":"","format":"standard","meta":{"content-type":"","footnotes":""},"categories":[16],"tags":[123,2448,5313,1267],"class_list":["post-90880","post","type-post","status-publish","format-standard","has-post-thumbnail","hentry","category-noticias","tag-brasil","tag-diario","tag-noticia","tag-noticias"],"_links":{"self":[{"href":"https:\/\/tvbrazilusa.com\/pt\/wp-json\/wp\/v2\/posts\/90880","targetHints":{"allow":["GET"]}}],"collection":[{"href":"https:\/\/tvbrazilusa.com\/pt\/wp-json\/wp\/v2\/posts"}],"about":[{"href":"https:\/\/tvbrazilusa.com\/pt\/wp-json\/wp\/v2\/types\/post"}],"author":[{"embeddable":true,"href":"https:\/\/tvbrazilusa.com\/pt\/wp-json\/wp\/v2\/users\/1"}],"replies":[{"embeddable":true,"href":"https:\/\/tvbrazilusa.com\/pt\/wp-json\/wp\/v2\/comments?post=90880"}],"version-history":[{"count":1,"href":"https:\/\/tvbrazilusa.com\/pt\/wp-json\/wp\/v2\/posts\/90880\/revisions"}],"predecessor-version":[{"id":90882,"href":"https:\/\/tvbrazilusa.com\/pt\/wp-json\/wp\/v2\/posts\/90880\/revisions\/90882"}],"wp:featuredmedia":[{"embeddable":true,"href":"https:\/\/tvbrazilusa.com\/pt\/wp-json\/wp\/v2\/media\/90881"}],"wp:attachment":[{"href":"https:\/\/tvbrazilusa.com\/pt\/wp-json\/wp\/v2\/media?parent=90880"}],"wp:term":[{"taxonomy":"category","embeddable":true,"href":"https:\/\/tvbrazilusa.com\/pt\/wp-json\/wp\/v2\/categories?post=90880"},{"taxonomy":"post_tag","embeddable":true,"href":"https:\/\/tvbrazilusa.com\/pt\/wp-json\/wp\/v2\/tags?post=90880"}],"curies":[{"name":"wp","href":"https:\/\/api.w.org\/{rel}","templated":true}]}}