{"id":90883,"date":"2025-01-12T14:15:00","date_gmt":"2025-01-12T14:15:00","guid":{"rendered":"https:\/\/tvbrazilusa.com\/2025\/01\/12\/senador-ruiz-e-assim-que-nj-pode-oferecer-a-melhor-educacao-pre-escolar-universal-opiniao\/"},"modified":"2025-01-12T14:25:58","modified_gmt":"2025-01-12T14:25:58","slug":"senador-ruiz-e-assim-que-nj-pode-oferecer-a-melhor-educacao-pre-escolar-universal-opiniao","status":"publish","type":"post","link":"https:\/\/tvbrazilusa.com\/pt\/2025\/01\/12\/senador-ruiz-e-assim-que-nj-pode-oferecer-a-melhor-educacao-pre-escolar-universal-opiniao\/","title":{"rendered":"Senador Ruiz: \u00c9 assim que NJ pode oferecer a melhor educa\u00e7\u00e3o pr\u00e9-escolar universal | Opini\u00e3o"},"content":{"rendered":"<script async src=\"https:\/\/pagead2.googlesyndication.com\/pagead\/js\/adsbygoogle.js?client=ca-pub-8864793242727901\"\r\n     crossorigin=\"anonymous\"><\/script>\n<div>\n<p class=\"article__paragraph article__paragraph--left\" id=\"4DJEDFHWUBGJ5JOO3GZQC4LQE4\"><b>Por M. Teresa Ruiz<\/b><\/p>\n<p class=\"article__paragraph article__paragraph--left\" id=\"P2GMBEGEHJHLHBYYLM34VTHLVA\">H\u00e1 quase uma d\u00e9cada, enquanto presidia a Comiss\u00e3o de Educa\u00e7\u00e3o do Senado, realizei uma audi\u00eancia focada na educa\u00e7\u00e3o pr\u00e9-escolar e na primeira inf\u00e2ncia. Depois de muitas horas de testemunhos de professores, pais, profissionais e at\u00e9 mesmo das autoridades, a evid\u00eancia dos imensos benef\u00edcios destes programas era clara: os retornos sociais, acad\u00e9micos e econ\u00f3micos s\u00e3o substanciais, tornando a educa\u00e7\u00e3o infantil um dos investimentos mais impactantes e eficazes podemos fazer em nossas comunidades.<\/p>\n<\/div>\n<p><br \/>\n<br \/><a href=\"https:\/\/www.nj.com\/opinion\/2025\/01\/sen-ruiz-this-is-how-nj-can-deliver-the-best-universal-preschool-education-opinion.html\">Source link <\/a><\/p>","protected":false},"excerpt":{"rendered":"<p>Por M. Teresa Ruiz H\u00e1 quase uma d\u00e9cada, enquanto presidia a Comiss\u00e3o de Educa\u00e7\u00e3o do Senado, realizei uma audi\u00eancia focada na educa\u00e7\u00e3o pr\u00e9-escolar e na primeira inf\u00e2ncia. Depois de muitas&hellip;<\/p>","protected":false},"author":1,"featured_media":90884,"comment_status":"closed","ping_status":"open","sticky":false,"template":"","format":"standard","meta":{"content-type":"","footnotes":""},"categories":[1],"tags":[29592],"class_list":["post-90883","post","type-post","status-publish","format-standard","has-post-thumbnail","hentry","category-uncategorized","tag-cidade-sindicato"],"_links":{"self":[{"href":"https:\/\/tvbrazilusa.com\/pt\/wp-json\/wp\/v2\/posts\/90883","targetHints":{"allow":["GET"]}}],"collection":[{"href":"https:\/\/tvbrazilusa.com\/pt\/wp-json\/wp\/v2\/posts"}],"about":[{"href":"https:\/\/tvbrazilusa.com\/pt\/wp-json\/wp\/v2\/types\/post"}],"author":[{"embeddable":true,"href":"https:\/\/tvbrazilusa.com\/pt\/wp-json\/wp\/v2\/users\/1"}],"replies":[{"embeddable":true,"href":"https:\/\/tvbrazilusa.com\/pt\/wp-json\/wp\/v2\/comments?post=90883"}],"version-history":[{"count":1,"href":"https:\/\/tvbrazilusa.com\/pt\/wp-json\/wp\/v2\/posts\/90883\/revisions"}],"predecessor-version":[{"id":90885,"href":"https:\/\/tvbrazilusa.com\/pt\/wp-json\/wp\/v2\/posts\/90883\/revisions\/90885"}],"wp:featuredmedia":[{"embeddable":true,"href":"https:\/\/tvbrazilusa.com\/pt\/wp-json\/wp\/v2\/media\/90884"}],"wp:attachment":[{"href":"https:\/\/tvbrazilusa.com\/pt\/wp-json\/wp\/v2\/media?parent=90883"}],"wp:term":[{"taxonomy":"category","embeddable":true,"href":"https:\/\/tvbrazilusa.com\/pt\/wp-json\/wp\/v2\/categories?post=90883"},{"taxonomy":"post_tag","embeddable":true,"href":"https:\/\/tvbrazilusa.com\/pt\/wp-json\/wp\/v2\/tags?post=90883"}],"curies":[{"name":"wp","href":"https:\/\/api.w.org\/{rel}","templated":true}]}}