{"id":90889,"date":"2025-01-12T14:44:16","date_gmt":"2025-01-12T14:44:16","guid":{"rendered":"https:\/\/tvbrazilusa.com\/2025\/01\/12\/incendios-em-los-angeles-ja-causaram-a-morte-de-16-pessoas-13-estao-desaparecidas\/"},"modified":"2025-01-12T14:44:25","modified_gmt":"2025-01-12T14:44:25","slug":"incendios-em-los-angeles-ja-causaram-a-morte-de-16-pessoas-13-estao-desaparecidas","status":"publish","type":"post","link":"https:\/\/tvbrazilusa.com\/pt\/2025\/01\/12\/incendios-em-los-angeles-ja-causaram-a-morte-de-16-pessoas-13-estao-desaparecidas\/","title":{"rendered":"Inc\u00eandios em Los Angeles j\u00e1 causaram a morte de 16 pessoas; 13 est\u00e3o desaparecidas"},"content":{"rendered":"<p> <script async src=\"https:\/\/pagead2.googlesyndication.com\/pagead\/js\/adsbygoogle.js?client=ca-pub-8864793242727901\"\r\n     crossorigin=\"anonymous\"><\/script><br \/>\n<\/p>\n<div id=\"taboola-read-more\" style=\"display:block; width:100%\">\n<p>O n\u00famero de mortos nos inc\u00eandios que atingem a regi\u00e3o de Los Angeles, na Calif\u00f3rnia (EUA), subiu para 16. Outras 13 pessoas seguem desaparecidas. As informa\u00e7\u00f5es s\u00e3o do New York Times.\n<\/p>\n<p>Mais de 15.378 hectares foram atingidos em 4 inc\u00eandios na regi\u00e3o de Los Angeles, segundo o Departamento Florestal e de Inc\u00eandios da Calif\u00f3rnia (conhecido como Cal Fire, em ingl\u00eas). Mais de 12.000 casas foram destru\u00eddas pelas chamas.<\/p>\n<\/p>\n<p>No s\u00e1bado (11.jan), aeronaves jogaram \u00e1gua e retardante de fogo na regi\u00e3o de Pacific Palisades, uma das mais atingidas pelas chamas, para conter a propaga\u00e7\u00e3o do inc\u00eandio florestal.\n<\/p>\n<p>\u201cPor causa da magnitude deste incidente, n\u00e3o h\u00e1 nada que eu possa dizer que possa proporcionar al\u00edvio e conforto para aqueles que foram afetados\u201d, disse Jim Hudson, do Departamento Florestal e de Inc\u00eandios da Calif\u00f3rnia, no s\u00e1bado (11.jan.2025). \u201cTemos 3 prioridades: a vida, a sua propriedade e o controlo permanente\u201d das chamas, acrescentou.\n<\/p>\n<p>O Canad\u00e1 e o M\u00e9xico enviaram bombeiros para ajudar no combate aos inc\u00eandios. O primeiro-ministro do Canad\u00e1, Justin Trudeau, disse na 6\u00aa feira (10.jan) que enviou tamb\u00e9m avi\u00f5es-tanque \u00e0 Calif\u00f3rnia. A presidente do M\u00e9xico, Claudia Sheinbaum, afirmou que a equipe enviada carregava a \u201ccoragem e o cora\u00e7\u00e3o\u201d do pa\u00eds.\n<\/p>\n<p>Fonte: Poder360              <\/p>\n<\/div>\n<p><br \/>\n<br \/><a href=\"https:\/\/diariodobrasilnoticias.com.br\/noticia\/incendios-em-los-angeles-ja-causaram-a-morte-de-16-pessoas-13-estao-desaparecidas-6783b2c960867\">Source link <\/a><\/p>","protected":false},"excerpt":{"rendered":"<p>O n\u00famero de mortos nos inc\u00eandios que atingem a regi\u00e3o de Los Angeles, na Calif\u00f3rnia (EUA), subiu para 16. Outras 13 pessoas seguem desaparecidas. As informa\u00e7\u00f5es s\u00e3o do New York&hellip;<\/p>","protected":false},"author":1,"featured_media":90890,"comment_status":"closed","ping_status":"open","sticky":false,"template":"","format":"standard","meta":{"content-type":"","footnotes":""},"categories":[16],"tags":[123,2448,5313,1267],"class_list":["post-90889","post","type-post","status-publish","format-standard","has-post-thumbnail","hentry","category-noticias","tag-brasil","tag-diario","tag-noticia","tag-noticias"],"_links":{"self":[{"href":"https:\/\/tvbrazilusa.com\/pt\/wp-json\/wp\/v2\/posts\/90889","targetHints":{"allow":["GET"]}}],"collection":[{"href":"https:\/\/tvbrazilusa.com\/pt\/wp-json\/wp\/v2\/posts"}],"about":[{"href":"https:\/\/tvbrazilusa.com\/pt\/wp-json\/wp\/v2\/types\/post"}],"author":[{"embeddable":true,"href":"https:\/\/tvbrazilusa.com\/pt\/wp-json\/wp\/v2\/users\/1"}],"replies":[{"embeddable":true,"href":"https:\/\/tvbrazilusa.com\/pt\/wp-json\/wp\/v2\/comments?post=90889"}],"version-history":[{"count":1,"href":"https:\/\/tvbrazilusa.com\/pt\/wp-json\/wp\/v2\/posts\/90889\/revisions"}],"predecessor-version":[{"id":90891,"href":"https:\/\/tvbrazilusa.com\/pt\/wp-json\/wp\/v2\/posts\/90889\/revisions\/90891"}],"wp:featuredmedia":[{"embeddable":true,"href":"https:\/\/tvbrazilusa.com\/pt\/wp-json\/wp\/v2\/media\/90890"}],"wp:attachment":[{"href":"https:\/\/tvbrazilusa.com\/pt\/wp-json\/wp\/v2\/media?parent=90889"}],"wp:term":[{"taxonomy":"category","embeddable":true,"href":"https:\/\/tvbrazilusa.com\/pt\/wp-json\/wp\/v2\/categories?post=90889"},{"taxonomy":"post_tag","embeddable":true,"href":"https:\/\/tvbrazilusa.com\/pt\/wp-json\/wp\/v2\/tags?post=90889"}],"curies":[{"name":"wp","href":"https:\/\/api.w.org\/{rel}","templated":true}]}}