{"id":90892,"date":"2025-01-12T14:57:04","date_gmt":"2025-01-12T14:57:04","guid":{"rendered":"https:\/\/tvbrazilusa.com\/2025\/01\/12\/leia-na-integra-o-convite-de-trump-para-bolsonaro-ir-aos-eua\/"},"modified":"2025-01-12T14:57:07","modified_gmt":"2025-01-12T14:57:07","slug":"leia-na-integra-o-convite-de-trump-para-bolsonaro-ir-aos-eua","status":"publish","type":"post","link":"https:\/\/tvbrazilusa.com\/pt\/2025\/01\/12\/leia-na-integra-o-convite-de-trump-para-bolsonaro-ir-aos-eua\/","title":{"rendered":"Leia na \u00edntegra o convite de Trump para Bolsonaro ir aos EUA"},"content":{"rendered":"<p> <script async src=\"https:\/\/pagead2.googlesyndication.com\/pagead\/js\/adsbygoogle.js?client=ca-pub-8864793242727901\"\r\n     crossorigin=\"anonymous\"><\/script><br \/>\n<\/p>\n<div id=\"taboola-read-more\" style=\"display:block; width:100%\">\n<p>O ex-presidente Jair Bolsonaro (PL) foi convidado por Donald Trump (Partido Republicano) para sua posse como presidente dos Estados Unidos. A cerim\u00f4nia, chamada de Inauguration Day, ser\u00e1 realizada em Washington D.C. em 20 de janeiro. A ida do brasileiro, no entanto, depende da autoriza\u00e7\u00e3o da Justi\u00e7a brasileira (entenda mais abaixo).\n<\/p>\n<p>No convite enviado por e-mail, ao qual o Poder360 teve acesso, o cerimonial convida Bolsonaro e um acompanhante \u201cem nome do presidente eleito Trump\u201d para participar da cerim\u00f4nia e do tradicional baile inaugural \u2013que ser\u00e1 na mesma data.<\/p>\n<p>\u00c9 solicitada ainda uma confirma\u00e7\u00e3o de que o ex-presidente ir\u00e1 \u00e0 posse \u2013o que depender\u00e1 da autoriza\u00e7\u00e3o do ministro Alexandre de Moraes, do STF (Supremo Tribunal Federal). Isso porque Bolsonaro teve o passaporte retido depois de opera\u00e7\u00e3o da PF (Pol\u00edcia Federal) que investigou poss\u00edvel tentativa de golpe de Estado.\n<\/p>\n<p>Leia abaixo o convite:\n<\/p>\n<\/p>\n<p><strong>ENTENDA<\/strong>\n<\/p>\n<p>Na 6\u00aa feira (10.jan), Bolsonaro pediu ao STF a autoriza\u00e7\u00e3o e a devolu\u00e7\u00e3o de seu passaporte para viajar aos EUA em 17 de janeiro e voltar ao Brasil no dia 22.\n<\/p>\n<p>Moraes determinou neste s\u00e1bado (11.jan) que a defesa do ex-presidente apresente um documento oficial que comprove o convite para a cerim\u00f4nia de posse de Trump. Segundo o ministro, ao requerer a libera\u00e7\u00e3o do passaporte, os advogados n\u00e3o apresentaram elementos que comprovem a raz\u00e3o da viagem ao exterior. Leia a \u00edntegra (PDF \u2013 126 kB).\n<\/p>\n<p>\u201cAntes de sua an\u00e1lise, por\u00e9m, h\u00e1 necessidade de complementa\u00e7\u00e3o probat\u00f3ria, pois o pedido n\u00e3o veio devidamente instru\u00eddo com os documentos necess\u00e1rios, uma vez que, a mensagem foi enviada para o email do deputado Eduardo Bolsonaro por um endere\u00e7o n\u00e3o identificado: \u2018[email protected][email protected]\u2019 e sem qualquer hor\u00e1rio ou programa\u00e7\u00e3o do evento a ser realizado\u201d, diz.\n<\/p>\n<p>No entanto, a defesa alega que o endere\u00e7o de e-mail usado se refere ao dom\u00ednio escolhido e criado pelo Comit\u00ea de Posse do Trump, o T47Inaugural \u2013em refer\u00eancia a Trump ser o 47\u00ba presidente norte-americano + \u201cinaugural\u201d (posse, em portugu\u00eas).\n<\/p>\n<p>Fonte: Poder360              <\/p>\n<\/div>\n<p><br \/>\n<br \/><a href=\"https:\/\/diariodobrasilnoticias.com.br\/noticia\/leia-na-integra-o-convite-de-trump-para-bolsonaro-ir-aos-eua-6783bab4267e2\">Source link <\/a><\/p>","protected":false},"excerpt":{"rendered":"<p>O ex-presidente Jair Bolsonaro (PL) foi convidado por Donald Trump (Partido Republicano) para sua posse como presidente dos Estados Unidos. A cerim\u00f4nia, chamada de Inauguration Day, ser\u00e1 realizada em Washington&hellip;<\/p>","protected":false},"author":1,"featured_media":90893,"comment_status":"closed","ping_status":"open","sticky":false,"template":"","format":"standard","meta":{"content-type":"","footnotes":""},"categories":[16],"tags":[123,2448,5313,1267],"class_list":["post-90892","post","type-post","status-publish","format-standard","has-post-thumbnail","hentry","category-noticias","tag-brasil","tag-diario","tag-noticia","tag-noticias"],"_links":{"self":[{"href":"https:\/\/tvbrazilusa.com\/pt\/wp-json\/wp\/v2\/posts\/90892","targetHints":{"allow":["GET"]}}],"collection":[{"href":"https:\/\/tvbrazilusa.com\/pt\/wp-json\/wp\/v2\/posts"}],"about":[{"href":"https:\/\/tvbrazilusa.com\/pt\/wp-json\/wp\/v2\/types\/post"}],"author":[{"embeddable":true,"href":"https:\/\/tvbrazilusa.com\/pt\/wp-json\/wp\/v2\/users\/1"}],"replies":[{"embeddable":true,"href":"https:\/\/tvbrazilusa.com\/pt\/wp-json\/wp\/v2\/comments?post=90892"}],"version-history":[{"count":1,"href":"https:\/\/tvbrazilusa.com\/pt\/wp-json\/wp\/v2\/posts\/90892\/revisions"}],"predecessor-version":[{"id":90894,"href":"https:\/\/tvbrazilusa.com\/pt\/wp-json\/wp\/v2\/posts\/90892\/revisions\/90894"}],"wp:featuredmedia":[{"embeddable":true,"href":"https:\/\/tvbrazilusa.com\/pt\/wp-json\/wp\/v2\/media\/90893"}],"wp:attachment":[{"href":"https:\/\/tvbrazilusa.com\/pt\/wp-json\/wp\/v2\/media?parent=90892"}],"wp:term":[{"taxonomy":"category","embeddable":true,"href":"https:\/\/tvbrazilusa.com\/pt\/wp-json\/wp\/v2\/categories?post=90892"},{"taxonomy":"post_tag","embeddable":true,"href":"https:\/\/tvbrazilusa.com\/pt\/wp-json\/wp\/v2\/tags?post=90892"}],"curies":[{"name":"wp","href":"https:\/\/api.w.org\/{rel}","templated":true}]}}