{"id":90968,"date":"2025-01-12T19:05:02","date_gmt":"2025-01-12T19:05:02","guid":{"rendered":"https:\/\/tvbrazilusa.com\/2025\/01\/12\/nos-ultimos-quatro-anos-cidades-com-guarda-municipal-armada-cresceram-49-acao-politica-visando-eleicao-pode-ter-sido-a-motivacao-entenda\/"},"modified":"2025-01-12T19:05:05","modified_gmt":"2025-01-12T19:05:05","slug":"nos-ultimos-quatro-anos-cidades-com-guarda-municipal-armada-cresceram-49-acao-politica-visando-eleicao-pode-ter-sido-a-motivacao-entenda","status":"publish","type":"post","link":"https:\/\/tvbrazilusa.com\/pt\/2025\/01\/12\/nos-ultimos-quatro-anos-cidades-com-guarda-municipal-armada-cresceram-49-acao-politica-visando-eleicao-pode-ter-sido-a-motivacao-entenda\/","title":{"rendered":"Nos \u00faltimos quatro anos, cidades com guarda municipal armada cresceram 49%; a\u00e7\u00e3o pol\u00edtica visando elei\u00e7\u00e3o pode ter sido a motiva\u00e7\u00e3o; entenda"},"content":{"rendered":"<p> <script async src=\"https:\/\/pagead2.googlesyndication.com\/pagead\/js\/adsbygoogle.js?client=ca-pub-8864793242727901\"\r\n     crossorigin=\"anonymous\"><\/script><br \/>\n<\/p>\n<div id=\"taboola-read-more\" style=\"display:block; width:100%\">\n<p>Com a perspectiva de participar de disputas em \u00e2mbito estadual em 2026, prefeitos de capitais iniciaram os novos mandatos com \u00eanfase na \u00e1rea de seguran\u00e7a p\u00fablica e em projetos de armamento da Guarda Municipal. A proposta foi abra\u00e7ada pelos prefeitos do Rio, Eduardo Paes (PSD), e de Recife, Jo\u00e3o Campos (PSB), as duas \u00fanicas capitais brasileiras cujos agentes municipais em atividade n\u00e3o usam armas de fogo.\n<\/p>\n<p>Outros chefes de Executivos municipais, como Bruno Reis (Uni\u00e3o), em Salvador, e Ab\u00edlio Brunini (PL), em Cuiab\u00e1, tamb\u00e9m mobilizam a pauta da seguran\u00e7a neste in\u00edcio de ano, de olho tanto em atender compromissos de suas campanhas, quanto em desgastar advers\u00e1rios nos respectivos estados.<\/p>\n<p>Segundo a \u00faltima edi\u00e7\u00e3o da Pesquisa de Informa\u00e7\u00f5es B\u00e1sicas Municipais do IBGE, de 2023, o n\u00famero de prefeituras que passaram a adotar armas de fogo nas suas Guardas Municipais cresceu, em quatro anos, de 266 para 396 cidades, um aumento de 49%. O percentual mais recente de Guardas armadas equivale a cerca de 30% do total de cidades (1,3 mil) com agentes em atividade; em 2019, o \u00edndice era de 23%.\n<\/p>\n<p>No caso das capitais, a maioria \u2014 11 dentre 21 \u2014 passou a adotar armas de fogo depois de 2013, conforme levantamento do GLOBO com base em dados obtidos pela ag\u00eancia Fiquem Sabendo via Lei de Acesso \u00e0 Informa\u00e7\u00e3o. \u00c0 \u00e9poca, mudan\u00e7as na legisla\u00e7\u00e3o durante o governo Dilma Rousseff (PT) deram maior respaldo ao armamento das Guardas, que j\u00e1 era previsto desde o Estatuto do Desarmamento de 2003, no primeiro governo Lula (PT).\n<\/p>\n<\/p>\n<p>Reprodu\u00e7\u00e3o\n<\/p>\n<p><strong>O que querem fazer os prefeitos de capitais<\/strong>\n<\/p>\n<p>Eduardo Paes &#8211; Rio de Janeiro (RJ): ap\u00f3s defender, em campanha, a cria\u00e7\u00e3o de um &#8220;grupo de elite&#8221; da Guarda Municipal com armamento, Paes prop\u00f4s uma nova &#8220;For\u00e7a Municipal de Seguran\u00e7a&#8221;, aproveitando reservistas das For\u00e7as Armadas.\n<\/p>\n<p>Jo\u00e3o Campos &#8211; Recife (PE): Campos criou neste ano uma nova secretaria de Ordem P\u00fablica e Seguran\u00e7a e prometeu a ado\u00e7\u00e3o gradual de armas de fogo pela Guarda \u2014 apenas Rio e Recife n\u00e3o usam esse tipo de armamento em seus agentes.\n<\/p>\n<p>Bruno Reis &#8211; Salvador (BA): na posse, Reis anunciou que est\u00e1 finalizando um novo &#8220;Plano Municipal de Seguran\u00e7a&#8221;, para integrar a prefeitura ao trabalho das pol\u00edcias. Ele tem culpado o governador Jer\u00f4nimo Rodrigues por \u00edndices de criminalidade.\n<\/p>\n<p>Ab\u00edlio Brunini &#8211; Cuiab\u00e1 (MT): em uma das tr\u00eas capitais que n\u00e3o disp\u00f5e de Guarda Municipal em opera\u00e7\u00e3o \u2014 junto de Porto Velho (RO) e Rio Branco (AC) &#8211;, Ab\u00edlio prometeu criar a corpora\u00e7\u00e3o j\u00e1 com o uso de armas de fogo.\n<\/p>\n<p>Sandro Mabel &#8211; Goi\u00e2nia (GO): Mabel iniciou o mandato prometendo a reativa\u00e7\u00e3o do Grupo de A\u00e7\u00f5es e Respostas R\u00e1pidas (Garra), unidade operacional da Guarda Civil Metropolitana.\n<\/p>\n<p>Igor Normando &#8211; Bel\u00e9m (PA): em um dos primeiros atos de sua gest\u00e3o, Normando anunciou a abertura de concurso p\u00fablico para contratar 400 agentes \u00e0 Guarda Municipal.\n<\/p>\n<p><img fetchpriority=\"high\" decoding=\"async\" src=\"https:\/\/s2-oglobo.glbimg.com\/GUzwV2Yn2BJC9cbihHTqua8jBt0=\/0x0:1200x794\/1000x0\/smart\/filters:strip_icc()\/i.s3.glbimg.com\/v1\/AUTH_da025474c0c44edd99332dddb09cabe8\/internal_photos\/bs\/2025\/C\/5\/ees1WnRlW78bn5DS9aIw\/pol-12-01-guardas-municipais-3.png\" alt=\"\" width=\"1000\" height=\"662\"\/>\n<\/p>\n<p>Reprodu\u00e7\u00e3o\n<\/p>\n<p><strong>Agenda eleitoral<\/strong>\n<\/p>\n<p>Das 26 capitais, tr\u00eas \u2014 Cuiab\u00e1, Rio Branco e Porto Velho \u2014 n\u00e3o t\u00eam Guarda Municipal, enquanto os guardas de Rio e Recife s\u00f3 usam armas n\u00e3o letais. Na capital fluminense, Paes tomou posse, no dia 1\u00ba, com a proposta de criar uma For\u00e7a Municipal de Seguran\u00e7a, com acesso a armas de fogo, que atuaria de forma independente \u00e0 Guarda Municipal. Campos, por sua vez, criou no Recife uma nova Secretaria de Ordem P\u00fablica e Seguran\u00e7a, com foco em debater e estruturar o in\u00edcio do armamento.\n<\/p>\n<p>\u2014 Os prefeitos pr\u00e9-candidatos aos respectivos governos estaduais j\u00e1 procuram se posicionar em cima de uma agenda vista como importante pelo eleitorado \u2014 avalia o cientista pol\u00edtico Ant\u00f4nio Lavareda, diretor do Ipespe.\n<\/p>\n<p><img decoding=\"async\" src=\"https:\/\/s2-oglobo.glbimg.com\/YGDnKj-_EyN0TPT7wu3ULO1tTls=\/0x0:1200x1176\/1000x0\/smart\/filters:strip_icc()\/i.s3.glbimg.com\/v1\/AUTH_da025474c0c44edd99332dddb09cabe8\/internal_photos\/bs\/2025\/3\/i\/bezyKLRhiF5lAO8ADWsg\/pol-12-01-guardas-municipais-2.png\" alt=\"\" width=\"1000\" height=\"980\"\/>\n<\/p>\n<p>Reprodu\u00e7\u00e3o\n<\/p>\n<p>Lavareda observa que o tema j\u00e1 teve relev\u00e2ncia nas campanhas municipais, embora n\u00e3o tenha sido decisivo. Isso porque, em sua avalia\u00e7\u00e3o, a cobran\u00e7a recai especialmente sobre os governadores, aos quais est\u00e3o vinculadas as Pol\u00edcias Militar e Civil. Segundo pesquisa do Ipespe em outubro do ano passado, a seguran\u00e7a foi apontada por 20% dos entrevistados como a \u00e1rea do pa\u00eds com os maiores problemas, atr\u00e1s apenas de sa\u00fade (30%). Nas capitais, 60% disseram se sentir \u201cinseguros\u201d.\n<\/p>\n<p>Conselheiro do F\u00f3rum Brasileiro de Seguran\u00e7a P\u00fablica e ex-secret\u00e1rio municipal de Seguran\u00e7a de Canoas (RS), Eduardo Pazinato afirma que diversos prefeitos tentam \u201calimentar a popula\u00e7\u00e3o com algum tipo de resposta \u00e0 sensa\u00e7\u00e3o de inseguran\u00e7a\u201d. Ele aponta, por\u00e9m, que a atividade das Guardas Municipais n\u00e3o deve \u201cser orientada pela arma de fogo\u201d, j\u00e1 que o rol de atribui\u00e7\u00f5es \u00e9 muito mais amplo do que exercer poder de pol\u00edcia, e tamb\u00e9m critica erros de planejamento de alguns gestores.\n<\/p>\n<p>No caso do Rio, a proposta de Paes virou alvo de uma a\u00e7\u00e3o de inconstitucionalidade, proposta pela Associa\u00e7\u00e3o Nacional das Guardas Municipais, que questiona a hip\u00f3tese de uma segunda for\u00e7a de seguran\u00e7a na cidade \u2014 a legisla\u00e7\u00e3o permite apenas uma, a Guarda Municipal, e com determinadas regras que incluem at\u00e9 a padroniza\u00e7\u00e3o do uniforme. Procurada, a prefeitura do Rio n\u00e3o comentou o assunto.\n<\/p>\n<p>Na semana passada, o prefeito minimizou questionamentos legais e disse que j\u00e1 conversou com Campos, de Recife, que teria mostrado interesse em um programa similar. Paes disse que acompanhar\u00e1 de perto os estudos para a implementa\u00e7\u00e3o da for\u00e7a e que ser\u00e1 o \u201cxerife\u201d do programa.\n<\/p>\n<p>Pazinato, que avaliou a proposta carioca como \u201ctecnicamente equivocada\u201d e parte de um \u201ccen\u00e1rio de disputa pol\u00edtica regional\u201d, afirma que a discuss\u00e3o sobre armamento \u00e9 leg\u00edtima, mas \u201cn\u00e3o pode ser rom\u00e2ntica, como se a arma resolvesse tudo ou nada\u201d.\n<\/p>\n<p>\u2014 A depender da din\u00e2mica local do crime, a Guarda pode se deparar com situa\u00e7\u00f5es de flagrante em que ela precisa ter os meios adequados para responder. Por outro lado, e embora seja uma quest\u00e3o delicada, entendo que o uso de fuzil, por exemplo, n\u00e3o se coaduna com o foco e o objetivo da institui\u00e7\u00e3o. \u00c0s vezes a popula\u00e7\u00e3o associa o calibre do armamento a uma maior sensa\u00e7\u00e3o de seguran\u00e7a, os prefeitos tentam entregar isso, e a s\u00edntese acaba n\u00e3o sendo positiva \u2014 avaliou.\n<\/p>\n<p><strong>Grosso calibre<\/strong>\n<\/p>\n<p>De acordo com os dados levantados pela Fiquem Sabendo, ao menos sete capitais adotam armas longas para suas Guardas, incluindo locais como S\u00e3o Paulo, Belo Horizonte e Goi\u00e2nia. Nesta \u00faltima, o novo prefeito, Sandro Mabel (Uni\u00e3o), iniciou o mandato prometendo recriar uma unidade t\u00e1tica da institui\u00e7\u00e3o.\n<\/p>\n<p>Em Cuiab\u00e1, o prefeito Ab\u00edlio Brunini, rec\u00e9m-eleito, planeja criar uma Guarda Municipal, o que reduziria para duas o n\u00famero de capitais brasileiras sem agentes, e arm\u00e1-la desde a origem. Ele prometeu enviar um projeto para a C\u00e2mara de Vereadores j\u00e1 neste m\u00eas.\n<\/p>\n<p>Em Salvador, Bruno Reis tem usado o tema para atacar a administra\u00e7\u00e3o do governador Jer\u00f4nimo Rodrigues (PT). Em 2026, Jer\u00f4nimo tende a disputar a reelei\u00e7\u00e3o contra o ex-prefeito ACM Neto (Uni\u00e3o), padrinho pol\u00edtico de Reis \u2014 que tamb\u00e9m \u00e9 cotado como alternativa \u00e0 disputa estadual.\n<\/p>\n<p>Reis tamb\u00e9m prometeu, no novo mandato, concluir e divulgar o Plano Municipal de Seguran\u00e7a, o que viabiliza o repasse de recursos federais para a \u00e1rea. Al\u00e9m disso, Reis discute com o PL, partido do ex-presidente Jair Bolsonaro, indica\u00e7\u00f5es para a Guarda. Procurada, a prefeitura de Salvador n\u00e3o respondeu.\n<\/p>\n<p>Fonte: O Globo              <\/p>\n<\/div>\n<p><br \/>\n<br \/><a href=\"https:\/\/diariodobrasilnoticias.com.br\/noticia\/nos-ultimos-quatro-anos-cidades-com-guarda-municipal-armada-cresceram-49-acao-politica-visando-eleicao-pode-ter-sido-a-motivacao-entenda-6783e47be90c5\">Source link <\/a><\/p>","protected":false},"excerpt":{"rendered":"<p>Com a perspectiva de participar de disputas em \u00e2mbito estadual em 2026, prefeitos de capitais iniciaram os novos mandatos com \u00eanfase na \u00e1rea de seguran\u00e7a p\u00fablica e em projetos de&hellip;<\/p>","protected":false},"author":1,"featured_media":90969,"comment_status":"closed","ping_status":"open","sticky":false,"template":"","format":"standard","meta":{"content-type":"","footnotes":""},"categories":[16],"tags":[123,2448,5313,1267],"class_list":["post-90968","post","type-post","status-publish","format-standard","has-post-thumbnail","hentry","category-noticias","tag-brasil","tag-diario","tag-noticia","tag-noticias"],"_links":{"self":[{"href":"https:\/\/tvbrazilusa.com\/pt\/wp-json\/wp\/v2\/posts\/90968","targetHints":{"allow":["GET"]}}],"collection":[{"href":"https:\/\/tvbrazilusa.com\/pt\/wp-json\/wp\/v2\/posts"}],"about":[{"href":"https:\/\/tvbrazilusa.com\/pt\/wp-json\/wp\/v2\/types\/post"}],"author":[{"embeddable":true,"href":"https:\/\/tvbrazilusa.com\/pt\/wp-json\/wp\/v2\/users\/1"}],"replies":[{"embeddable":true,"href":"https:\/\/tvbrazilusa.com\/pt\/wp-json\/wp\/v2\/comments?post=90968"}],"version-history":[{"count":1,"href":"https:\/\/tvbrazilusa.com\/pt\/wp-json\/wp\/v2\/posts\/90968\/revisions"}],"predecessor-version":[{"id":90970,"href":"https:\/\/tvbrazilusa.com\/pt\/wp-json\/wp\/v2\/posts\/90968\/revisions\/90970"}],"wp:featuredmedia":[{"embeddable":true,"href":"https:\/\/tvbrazilusa.com\/pt\/wp-json\/wp\/v2\/media\/90969"}],"wp:attachment":[{"href":"https:\/\/tvbrazilusa.com\/pt\/wp-json\/wp\/v2\/media?parent=90968"}],"wp:term":[{"taxonomy":"category","embeddable":true,"href":"https:\/\/tvbrazilusa.com\/pt\/wp-json\/wp\/v2\/categories?post=90968"},{"taxonomy":"post_tag","embeddable":true,"href":"https:\/\/tvbrazilusa.com\/pt\/wp-json\/wp\/v2\/tags?post=90968"}],"curies":[{"name":"wp","href":"https:\/\/api.w.org\/{rel}","templated":true}]}}