{"id":90983,"date":"2025-01-12T19:54:22","date_gmt":"2025-01-12T19:54:22","guid":{"rendered":"https:\/\/tvbrazilusa.com\/2025\/01\/12\/ex-ator-mirim-jovem-com-paralisia-idosos-que-nao-conseguiram-sair-quem-eram-vitimas-dos-incendios-em-los-angeles\/"},"modified":"2025-01-12T19:54:23","modified_gmt":"2025-01-12T19:54:23","slug":"ex-ator-mirim-jovem-com-paralisia-idosos-que-nao-conseguiram-sair-quem-eram-vitimas-dos-incendios-em-los-angeles","status":"publish","type":"post","link":"https:\/\/tvbrazilusa.com\/pt\/2025\/01\/12\/ex-ator-mirim-jovem-com-paralisia-idosos-que-nao-conseguiram-sair-quem-eram-vitimas-dos-incendios-em-los-angeles\/","title":{"rendered":"Ex-ator mirim, jovem com paralisia, idosos que n\u00e3o conseguiram sair: quem eram v\u00edtimas dos inc\u00eandios em Los Angeles"},"content":{"rendered":"<p> <script async src=\"https:\/\/pagead2.googlesyndication.com\/pagead\/js\/adsbygoogle.js?client=ca-pub-8864793242727901\"\r\n     crossorigin=\"anonymous\"><\/script><br \/>\n<br \/>Ex-ator mirim, jovem com paralisia, idosos que n\u00e3o conseguiram sair: quem eram v\u00edtimas dos inc\u00eandios em Los Angeles<br \/>\n<br \/><br \/>\n<br \/><a href=\"https:\/\/diariodobrasilnoticias.com.br\/noticia\/ex-ator-mirim-jovem-com-paralisia-idosos-que-nao-conseguiram-sair-quem-eram-vitimas-dos-incendios-em-los-angeles-67840a8c4e2d5\">Source link <\/a><\/p>","protected":false},"excerpt":{"rendered":"<p>Ex-ator mirim, jovem com paralisia, idosos que n\u00e3o conseguiram sair: quem eram v\u00edtimas dos inc\u00eandios em Los Angeles Source link<\/p>","protected":false},"author":1,"featured_media":90984,"comment_status":"closed","ping_status":"open","sticky":false,"template":"","format":"standard","meta":{"content-type":"","footnotes":""},"categories":[16],"tags":[123,2448,5313,1267],"class_list":["post-90983","post","type-post","status-publish","format-standard","has-post-thumbnail","hentry","category-noticias","tag-brasil","tag-diario","tag-noticia","tag-noticias"],"_links":{"self":[{"href":"https:\/\/tvbrazilusa.com\/pt\/wp-json\/wp\/v2\/posts\/90983","targetHints":{"allow":["GET"]}}],"collection":[{"href":"https:\/\/tvbrazilusa.com\/pt\/wp-json\/wp\/v2\/posts"}],"about":[{"href":"https:\/\/tvbrazilusa.com\/pt\/wp-json\/wp\/v2\/types\/post"}],"author":[{"embeddable":true,"href":"https:\/\/tvbrazilusa.com\/pt\/wp-json\/wp\/v2\/users\/1"}],"replies":[{"embeddable":true,"href":"https:\/\/tvbrazilusa.com\/pt\/wp-json\/wp\/v2\/comments?post=90983"}],"version-history":[{"count":1,"href":"https:\/\/tvbrazilusa.com\/pt\/wp-json\/wp\/v2\/posts\/90983\/revisions"}],"predecessor-version":[{"id":90985,"href":"https:\/\/tvbrazilusa.com\/pt\/wp-json\/wp\/v2\/posts\/90983\/revisions\/90985"}],"wp:featuredmedia":[{"embeddable":true,"href":"https:\/\/tvbrazilusa.com\/pt\/wp-json\/wp\/v2\/media\/90984"}],"wp:attachment":[{"href":"https:\/\/tvbrazilusa.com\/pt\/wp-json\/wp\/v2\/media?parent=90983"}],"wp:term":[{"taxonomy":"category","embeddable":true,"href":"https:\/\/tvbrazilusa.com\/pt\/wp-json\/wp\/v2\/categories?post=90983"},{"taxonomy":"post_tag","embeddable":true,"href":"https:\/\/tvbrazilusa.com\/pt\/wp-json\/wp\/v2\/tags?post=90983"}],"curies":[{"name":"wp","href":"https:\/\/api.w.org\/{rel}","templated":true}]}}