{"id":90992,"date":"2025-01-12T20:23:25","date_gmt":"2025-01-12T20:23:25","guid":{"rendered":"https:\/\/tvbrazilusa.com\/2025\/01\/12\/corpos-de-vitimas-de-ataque-a-assentamento-do-mst-sao-velados-em-tremembe-sp\/"},"modified":"2025-01-12T20:23:26","modified_gmt":"2025-01-12T20:23:26","slug":"corpos-de-vitimas-de-ataque-a-assentamento-do-mst-sao-velados-em-tremembe-sp","status":"publish","type":"post","link":"https:\/\/tvbrazilusa.com\/pt\/2025\/01\/12\/corpos-de-vitimas-de-ataque-a-assentamento-do-mst-sao-velados-em-tremembe-sp\/","title":{"rendered":"Corpos de v\u00edtimas de ataque a assentamento do MST s\u00e3o velados em Trememb\u00e9 (SP)"},"content":{"rendered":"<p> <script async src=\"https:\/\/pagead2.googlesyndication.com\/pagead\/js\/adsbygoogle.js?client=ca-pub-8864793242727901\"\r\n     crossorigin=\"anonymous\"><\/script><br \/>\n<\/p>\n<div id=\"taboola-read-more\" style=\"display:block; width:100%\">\n<p>Os corpos dos dois mortos no ataque a um assentamento do Movimento dos Trabalhadores Rurais Sem Terra (MST)\u00a0<strong>s\u00e3o velados no Vel\u00f3rio Municipal de Trememb\u00e9<\/strong>, na manh\u00e3 deste domingo (12).\n<\/p>\n<p><strong>Gleison Barbosa, de 28 anos, e Valdir do Nascimento de Jesus, de 52<\/strong>, morreram ap\u00f3s serem\u00a0<a href=\"https:\/\/www.cnnbrasil.com.br\/nacional\/sudeste\/sp\/ataque-a-assentamento-do-mst-deixa-mortos-no-interior-de-sp\/\" target=\"_blank\" rel=\"noopener noreferrer\">baleados no atentado ao Assentamento Olga Ben\u00e1rio<\/a>, na noite desta sexta-feira (10).<\/p>\n<p>O vel\u00f3rio come\u00e7ou \u00e0s 8h de hoje em\u00a0<strong>uma cerim\u00f4nia p\u00fablica no interior paulista<\/strong>. A informa\u00e7\u00e3o foi divulgada pelo MST nas redes sociais:\n<\/p>\n<p>A Pol\u00edcia Civil de S\u00e3o Paulo, pela Delegacia Seccional de Taubat\u00e9, investiga o caso que tamb\u00e9m\u00a0<strong>deixou seis pessoas feridas<\/strong>, sendo uma mulher em estado grave. As v\u00edtimas foram encaminhadas ao\u00a0<span data-olk-copy-source=\"MessageBody\">Hospital Regional de Taubat\u00e9 e ao Pronto Socorro de Trememb\u00e9.\u00a0<\/span>\n<\/p>\n<p>At\u00e9 o momento,\u00a0<strong><a href=\"https:\/\/www.cnnbrasil.com.br\/nacional\/sudeste\/sp\/acusado-de-chefiar-ataque-a-assentamento-do-mst-e-preso\/\" target=\"_blank\" rel=\"noopener noreferrer\">a pol\u00edcia prendeu Antonio Martins,<\/a>\u00a0conhecido como \u201cNero do Piseiro\u201d<\/strong>, suspeito de chefiar o ataque, na tarde deste s\u00e1bado (11). Ele j\u00e1 tinha passagem por\u00a0porte ilegal de arma de fogo\u00a0e\u00a0confessou o crime.\n<\/p>\n<p>Os investigadores tamb\u00e9m\u00a0<strong>pediu a pris\u00e3o de Italo Rodrigues da Silva<\/strong>,\u00a0<a href=\"https:\/\/www.cnnbrasil.com.br\/nacional\/policia-pede-prisao-preventiva-de-suspeito-envolvido-em-ataque-a-assentamento-do-mst\/\" target=\"_blank\" rel=\"noopener noreferrer\">delatado por Antonio por ter participado no ataque<\/a>. \u201cH\u00e1 elementos informativos no sentido de que Italo era um dos autores do grave crime investigado\u201d, afirma a pol\u00edcia.\n<\/p>\n<h2>Entenda o caso<\/h2>\n<p>Um ataque a um assentamento do Movimento dos Trabalhadores Rurais Sem Terra (MST) deixou\u00a0<strong>duas pessoas mortas e outras seis feridas em Trememb\u00e9<\/strong>, no interior de S\u00e3o Paulo, na noite desta sexta-feira (10).\n<\/p>\n<p>Anteriormente, o MST informou que o ataque ocasionou tr\u00eas mortes, sendo uma delas ap\u00f3s um per\u00edodo de interna\u00e7\u00e3o em coma induzido. Mais tarde,\u00a0<strong>o Movimento recuou, destacando o total de duas v\u00edtimas fatais.<\/strong>\n<\/p>\n<p><strong>Com informa\u00e7\u00f5es CNN BRASIL<\/strong>              <\/p>\n<\/div>\n<p><br \/>\n<br \/><a href=\"https:\/\/diariodobrasilnoticias.com.br\/noticia\/corpos-de-vitimas-de-ataque-a-assentamento-do-mst-sao-velados-em-tremembe-sp-67840b7873208\">Source link <\/a><\/p>","protected":false},"excerpt":{"rendered":"<p>Os corpos dos dois mortos no ataque a um assentamento do Movimento dos Trabalhadores Rurais Sem Terra (MST)\u00a0s\u00e3o velados no Vel\u00f3rio Municipal de Trememb\u00e9, na manh\u00e3 deste domingo (12). Gleison&hellip;<\/p>","protected":false},"author":1,"featured_media":90993,"comment_status":"closed","ping_status":"open","sticky":false,"template":"","format":"standard","meta":{"content-type":"","footnotes":""},"categories":[16],"tags":[123,2448,5313,1267],"class_list":["post-90992","post","type-post","status-publish","format-standard","has-post-thumbnail","hentry","category-noticias","tag-brasil","tag-diario","tag-noticia","tag-noticias"],"_links":{"self":[{"href":"https:\/\/tvbrazilusa.com\/pt\/wp-json\/wp\/v2\/posts\/90992","targetHints":{"allow":["GET"]}}],"collection":[{"href":"https:\/\/tvbrazilusa.com\/pt\/wp-json\/wp\/v2\/posts"}],"about":[{"href":"https:\/\/tvbrazilusa.com\/pt\/wp-json\/wp\/v2\/types\/post"}],"author":[{"embeddable":true,"href":"https:\/\/tvbrazilusa.com\/pt\/wp-json\/wp\/v2\/users\/1"}],"replies":[{"embeddable":true,"href":"https:\/\/tvbrazilusa.com\/pt\/wp-json\/wp\/v2\/comments?post=90992"}],"version-history":[{"count":1,"href":"https:\/\/tvbrazilusa.com\/pt\/wp-json\/wp\/v2\/posts\/90992\/revisions"}],"predecessor-version":[{"id":90994,"href":"https:\/\/tvbrazilusa.com\/pt\/wp-json\/wp\/v2\/posts\/90992\/revisions\/90994"}],"wp:featuredmedia":[{"embeddable":true,"href":"https:\/\/tvbrazilusa.com\/pt\/wp-json\/wp\/v2\/media\/90993"}],"wp:attachment":[{"href":"https:\/\/tvbrazilusa.com\/pt\/wp-json\/wp\/v2\/media?parent=90992"}],"wp:term":[{"taxonomy":"category","embeddable":true,"href":"https:\/\/tvbrazilusa.com\/pt\/wp-json\/wp\/v2\/categories?post=90992"},{"taxonomy":"post_tag","embeddable":true,"href":"https:\/\/tvbrazilusa.com\/pt\/wp-json\/wp\/v2\/tags?post=90992"}],"curies":[{"name":"wp","href":"https:\/\/api.w.org\/{rel}","templated":true}]}}