{"id":91013,"date":"2025-01-12T21:30:07","date_gmt":"2025-01-12T21:30:07","guid":{"rendered":"https:\/\/tvbrazilusa.com\/2025\/01\/12\/recem-nascida-com-cordao-umbilical-e-encontrada-proximo-a-caixa-dagua-no-pi\/"},"modified":"2025-01-12T21:30:08","modified_gmt":"2025-01-12T21:30:08","slug":"recem-nascida-com-cordao-umbilical-e-encontrada-proximo-a-caixa-dagua-no-pi","status":"publish","type":"post","link":"https:\/\/tvbrazilusa.com\/pt\/2025\/01\/12\/recem-nascida-com-cordao-umbilical-e-encontrada-proximo-a-caixa-dagua-no-pi\/","title":{"rendered":"Rec\u00e9m-nascida com cord\u00e3o umbilical \u00e9 encontrada pr\u00f3ximo a caixa d&#8217;\u00e1gua no PI"},"content":{"rendered":"<p> <script async src=\"https:\/\/pagead2.googlesyndication.com\/pagead\/js\/adsbygoogle.js?client=ca-pub-8864793242727901\"\r\n     crossorigin=\"anonymous\"><\/script><br \/>\n<br \/>Rec\u00e9m-nascida com cord\u00e3o umbilical \u00e9 encontrada pr\u00f3ximo a caixa d&#8217;\u00e1gua  no PI<br \/>\n<br \/><br \/>\n<br \/><a href=\"https:\/\/diariodobrasilnoticias.com.br\/noticia\/recem-nascida-com-cordao-umbilical-e-encontrada-proximo-a-caixa-d-agua-no-pi-678411cd1f5de\">Source link <\/a><\/p>","protected":false},"excerpt":{"rendered":"<p>Rec\u00e9m-nascida com cord\u00e3o umbilical \u00e9 encontrada pr\u00f3ximo a caixa d&#8217;\u00e1gua no PI Source link<\/p>","protected":false},"author":1,"featured_media":91014,"comment_status":"closed","ping_status":"open","sticky":false,"template":"","format":"standard","meta":{"content-type":"","footnotes":""},"categories":[16],"tags":[123,2448,5313,1267],"class_list":["post-91013","post","type-post","status-publish","format-standard","has-post-thumbnail","hentry","category-noticias","tag-brasil","tag-diario","tag-noticia","tag-noticias"],"_links":{"self":[{"href":"https:\/\/tvbrazilusa.com\/pt\/wp-json\/wp\/v2\/posts\/91013","targetHints":{"allow":["GET"]}}],"collection":[{"href":"https:\/\/tvbrazilusa.com\/pt\/wp-json\/wp\/v2\/posts"}],"about":[{"href":"https:\/\/tvbrazilusa.com\/pt\/wp-json\/wp\/v2\/types\/post"}],"author":[{"embeddable":true,"href":"https:\/\/tvbrazilusa.com\/pt\/wp-json\/wp\/v2\/users\/1"}],"replies":[{"embeddable":true,"href":"https:\/\/tvbrazilusa.com\/pt\/wp-json\/wp\/v2\/comments?post=91013"}],"version-history":[{"count":1,"href":"https:\/\/tvbrazilusa.com\/pt\/wp-json\/wp\/v2\/posts\/91013\/revisions"}],"predecessor-version":[{"id":91015,"href":"https:\/\/tvbrazilusa.com\/pt\/wp-json\/wp\/v2\/posts\/91013\/revisions\/91015"}],"wp:featuredmedia":[{"embeddable":true,"href":"https:\/\/tvbrazilusa.com\/pt\/wp-json\/wp\/v2\/media\/91014"}],"wp:attachment":[{"href":"https:\/\/tvbrazilusa.com\/pt\/wp-json\/wp\/v2\/media?parent=91013"}],"wp:term":[{"taxonomy":"category","embeddable":true,"href":"https:\/\/tvbrazilusa.com\/pt\/wp-json\/wp\/v2\/categories?post=91013"},{"taxonomy":"post_tag","embeddable":true,"href":"https:\/\/tvbrazilusa.com\/pt\/wp-json\/wp\/v2\/tags?post=91013"}],"curies":[{"name":"wp","href":"https:\/\/api.w.org\/{rel}","templated":true}]}}