{"id":91016,"date":"2025-01-12T21:41:53","date_gmt":"2025-01-12T21:41:53","guid":{"rendered":"https:\/\/tvbrazilusa.com\/2025\/01\/12\/ibaneis-rocha-governador-do-df-quero-distancia-do-lula\/"},"modified":"2025-01-12T21:41:57","modified_gmt":"2025-01-12T21:41:57","slug":"ibaneis-rocha-governador-do-df-quero-distancia-do-lula","status":"publish","type":"post","link":"https:\/\/tvbrazilusa.com\/pt\/2025\/01\/12\/ibaneis-rocha-governador-do-df-quero-distancia-do-lula\/","title":{"rendered":"Ibaneis Rocha, governador do DF: \u2018Quero dist\u00e2ncia do Lula\u2019"},"content":{"rendered":"<p> <script async src=\"https:\/\/pagead2.googlesyndication.com\/pagead\/js\/adsbygoogle.js?client=ca-pub-8864793242727901\"\r\n     crossorigin=\"anonymous\"><\/script><br \/>\n<\/p>\n<div id=\"taboola-read-more\" style=\"display:block; width:100%\">\n<p>Advers\u00e1rio pol\u00edtico do presidente Lula, que o acusou de complac\u00eancia com os atos de vandalismo de 8 de janeiro de 2023, o governador do Distrito Federal,\u00a0<strong>Ibaneis Rocha<\/strong>\u00a0(MDB), pretende se reunir no pr\u00f3ximo m\u00eas com o presidente do Republicanos, deputado Marcos Pereira, para retomar as negocia\u00e7\u00f5es em torno da composi\u00e7\u00e3o de uma\u00a0<strong>chapa conservadora<\/strong>\u00a0com o objetivo de ganhar o Executivo distrital e as duas vagas ao Senado dispon\u00edveis nas\u00a0<strong>elei\u00e7\u00f5es de 2026<\/strong>. O encontro \u00e9 mais um passo para que se tente chegar \u00e0 forma\u00e7\u00e3o de uma alian\u00e7a que tenha a atual vice-governadora\u00a0<strong>Celina Le\u00e3o<\/strong>\u00a0(PP) como candidata ao Pal\u00e1cio do Buriti e um nome do Republicanos como vice, al\u00e9m da ex-primeira-dama<strong>\u00a0Michelle Bolsonaro<\/strong>\u00a0(PL) e do pr\u00f3prio Ibaneis como os indicados para disputar o Senado.\n<\/p>\n<p>O arco conservador leva em conta o fato de o DF ter dado vit\u00f3ria a Jair\u00a0<a href=\"https:\/\/12ft.io\/proxy?q=https%3A%2F%2Fveja.abril.com.br%2Fnoticias-sobre%2Fjair-bolsonaro%2F\" target=\"_parent\">Bolsonaro<\/a>\u00a0no primeiro e no segundo turnos em 2022 e de a atual senadora e ex-ministra bolsonarista\u00a0<strong>Damares Alves<\/strong>\u00a0(Republicanos), escolhida com facilidade para o primeiro mandato eletivo com quase 45% dos votos v\u00e1lidos, estar sendo moldada para atuar como cabo eleitoral de luxo e, em elei\u00e7\u00f5es futuras, poder se apresentar como eventual cabe\u00e7a de chapa. Ibaneis Rocha j\u00e1 conversou com o mandachuva do PL, Valdemar Costa Neto, e com o pr\u00f3prio Marcos Pereira sobre uma poss\u00edvel parceria que, em Bras\u00edlia, abarcaria ao menos MDB-PP-PL-Republicanos.<\/p>\n<p>\u201cA direita teve 70% dos votos nas \u00faltimas elei\u00e7\u00f5es no DF. O grande trabalho \u00e9 essa montagem para estar todo mundo junto [nas elei\u00e7\u00f5es de 2026]. Acho que n\u00e3o vai ter muita dificuldade at\u00e9 porque s\u00e3o muitas vagas: duas ao Senado, mais duas supl\u00eancias, al\u00e9m do governo do Distrito Federal e da vice\u201d, disse o governador.\n<\/p>\n<p>Rotulado como bolsonarista por\u00a0<a href=\"https:\/\/12ft.io\/proxy?q=https%3A%2F%2Fveja.abril.com.br%2Fnoticias-sobre%2Fluiz-inacio-lula-da-silva%2F\" target=\"_parent\">Lula<\/a>, Ibaneis, de f\u00e9rias, n\u00e3o compareceu aos atos que marcaram os dois anos do 8 de janeiro na \u00faltima quarta-feira no Pal\u00e1cio do Planalto. Sua vice, Celina Le\u00e3o, alegou n\u00e3o ter sido convidada. A VEJA, o emedebista diz n\u00e3o ter proximidade com o ex-presidente e \u00e9 enf\u00e1tico sobre o atual mandat\u00e1rio: \u201cquero dist\u00e2ncia do Lula\u201d. \u201cEu n\u00e3o tenho o telefone do Bolsonaro, eu nunca sentei com ele para jantar, almo\u00e7ar, conversar sobre pol\u00edtica. S\u00f3 que eu n\u00e3o caminho com a esquerda. Portanto, entre o Lula e o Bolsonaro, eu fui Bolsonaro. Se aparecer um candidato de centro que tenha uma vis\u00e3o progressista, vou avaliar\u201d, diz.\n<\/p>\n<p>Em\u00a0<a href=\"https:\/\/12ft.io\/proxy?q=https%3A%2F%2Fveja.abril.com.br%2Fpaginas-amarelas%2Ftarcisio-e-o-nome-ideal-diz-ibaneis-sobre-disputa-com-lula-em-2026%2F\" target=\"_parent\"><strong>entrevista \u00e0s P\u00e1ginas Amarelas<\/strong><\/a>\u00a0da edi\u00e7\u00e3o que chega neste fim de semana \u00e0s bancas e plataformas digitais, Ibaneis Rocha afirma que, na corrida presidencial, o nome ideal para reunir a centro-direita, o esp\u00f3lio de Bolsonaro e eleitores que n\u00e3o pretendam votar no PT seria o do governador de S\u00e3o Paulo Tarc\u00edsio de Freitas (Republicanos).\n<\/p>\n<p>Com informa\u00e7\u00f5es veja<\/p>\n<\/p><\/div>\n<p><br \/>\n<br \/><a href=\"https:\/\/diariodobrasilnoticias.com.br\/noticia\/ibaneis-rocha-governador-do-df-quero-distancia-do-lula-678414f0d7b8d\">Source link <\/a><\/p>","protected":false},"excerpt":{"rendered":"<p>Advers\u00e1rio pol\u00edtico do presidente Lula, que o acusou de complac\u00eancia com os atos de vandalismo de 8 de janeiro de 2023, o governador do Distrito Federal,\u00a0Ibaneis Rocha\u00a0(MDB), pretende se reunir&hellip;<\/p>","protected":false},"author":1,"featured_media":91017,"comment_status":"closed","ping_status":"open","sticky":false,"template":"","format":"standard","meta":{"content-type":"","footnotes":""},"categories":[16],"tags":[123,2448,5313,1267],"class_list":["post-91016","post","type-post","status-publish","format-standard","has-post-thumbnail","hentry","category-noticias","tag-brasil","tag-diario","tag-noticia","tag-noticias"],"_links":{"self":[{"href":"https:\/\/tvbrazilusa.com\/pt\/wp-json\/wp\/v2\/posts\/91016","targetHints":{"allow":["GET"]}}],"collection":[{"href":"https:\/\/tvbrazilusa.com\/pt\/wp-json\/wp\/v2\/posts"}],"about":[{"href":"https:\/\/tvbrazilusa.com\/pt\/wp-json\/wp\/v2\/types\/post"}],"author":[{"embeddable":true,"href":"https:\/\/tvbrazilusa.com\/pt\/wp-json\/wp\/v2\/users\/1"}],"replies":[{"embeddable":true,"href":"https:\/\/tvbrazilusa.com\/pt\/wp-json\/wp\/v2\/comments?post=91016"}],"version-history":[{"count":1,"href":"https:\/\/tvbrazilusa.com\/pt\/wp-json\/wp\/v2\/posts\/91016\/revisions"}],"predecessor-version":[{"id":91018,"href":"https:\/\/tvbrazilusa.com\/pt\/wp-json\/wp\/v2\/posts\/91016\/revisions\/91018"}],"wp:featuredmedia":[{"embeddable":true,"href":"https:\/\/tvbrazilusa.com\/pt\/wp-json\/wp\/v2\/media\/91017"}],"wp:attachment":[{"href":"https:\/\/tvbrazilusa.com\/pt\/wp-json\/wp\/v2\/media?parent=91016"}],"wp:term":[{"taxonomy":"category","embeddable":true,"href":"https:\/\/tvbrazilusa.com\/pt\/wp-json\/wp\/v2\/categories?post=91016"},{"taxonomy":"post_tag","embeddable":true,"href":"https:\/\/tvbrazilusa.com\/pt\/wp-json\/wp\/v2\/tags?post=91016"}],"curies":[{"name":"wp","href":"https:\/\/api.w.org\/{rel}","templated":true}]}}