{"id":91025,"date":"2025-01-12T21:57:32","date_gmt":"2025-01-12T21:57:32","guid":{"rendered":"https:\/\/tvbrazilusa.com\/2025\/01\/12\/opiniao-por-que-precisamos-aumentar-as-taxas-sobre-o-lixo-jacksonville-hoje\/"},"modified":"2025-01-12T22:09:05","modified_gmt":"2025-01-12T22:09:05","slug":"opiniao-por-que-precisamos-aumentar-as-taxas-sobre-o-lixo-jacksonville-hoje","status":"publish","type":"post","link":"https:\/\/tvbrazilusa.com\/pt\/2025\/01\/12\/opiniao-por-que-precisamos-aumentar-as-taxas-sobre-o-lixo-jacksonville-hoje\/","title":{"rendered":"OPINI\u00c3O | Por que precisamos aumentar as taxas sobre o lixo | Jacksonville hoje"},"content":{"rendered":"<p> <script async src=\"https:\/\/pagead2.googlesyndication.com\/pagead\/js\/adsbygoogle.js?client=ca-pub-8864793242727901\"\r\n     crossorigin=\"anonymous\"><\/script><br \/>\n<\/p>\n<div>\n<p>Voc\u00ea j\u00e1 deve estar familiarizado com minha proposta para resolver a d\u00edvida do fundo de res\u00edduos s\u00f3lidos de Jacksonville. Quero aproveitar esta oportunidade para explicar minha proposta e fornecer detalhes. Atualmente, nossa taxa de res\u00edduos s\u00f3lidos \u00e9 de US$ 12,65 por m\u00eas, mas esse valor fica muito aqu\u00e9m do custo real da coleta de lixo residencial. Na verdade, temos um d\u00e9fice anual de aproximadamente 40 milh\u00f5es de d\u00f3lares apenas para servi\u00e7os residenciais.<\/p>\n<p>Para cobrir este d\u00e9fice, temos utilizado d\u00f3lares ad valorem do imposto sobre a propriedade para subsidiar o programa. No entanto, h\u00e1 um problema: n\u00e3o estamos legalmente autorizados a usar d\u00f3lares de impostos sobre a propriedade para esse fim devido aos nossos acordos legais com as cidades de Beaches. Como resultado, todos os anos devemos emprestar-nos o dinheiro do fundo geral, que somos legalmente obrigados a devolver.<\/p>\n<p>Este empr\u00e9stimo tem vindo a crescer e, no final deste ano fiscal, atingir\u00e1 100 milh\u00f5es de d\u00f3lares. Se n\u00e3o agirmos, as projec\u00e7\u00f5es mostram que esta d\u00edvida aumentar\u00e1 para meio milhar de milh\u00e3o de d\u00f3lares at\u00e9 2031. Esta traject\u00f3ria \u00e9 insustent\u00e1vel.<\/p>\n<p>Passamos muito tempo trabalhando em uma solu\u00e7\u00e3o e apresentei <a href=\"https:\/\/jaxcityc.legistar.com\/LegislationDetail.aspx?ID=7087667&#038;GUID=3EA6B9ED-744C-4E7B-8EC1-31D2255E6C09&#038;Options=ID|Text|&#038;Search=solid+waste\" rel=\"nofollow noopener\" target=\"_blank\">uma proposta<\/a> para abordar as quest\u00f5es centrais, permanecendo atentos \u00e0s necessidades da nossa comunidade. <\/p>\n<p>Primeiramente, proponho alinhar a taxa de res\u00edduos s\u00f3lidos com o custo real do servi\u00e7o. Com base na an\u00e1lise dos auditores do nosso conselho, o custo real da coleta de lixo residencial \u00e9 de US$ 30,40 por m\u00eas. Entendo que isso representa um aumento significativo em rela\u00e7\u00e3o aos atuais US$ 12,65. Para aliviar o impacto nas fam\u00edlias, o conselho e eu podemos explorar se devemos implementar o ajustamento numa \u00fanica etapa no pr\u00f3ximo ano ou implement\u00e1-lo gradualmente ao longo de v\u00e1rios anos.<\/p>\n<p>Atualmente, pagamos menos da metade do custo real do servi\u00e7o e emprestamos a n\u00f3s mesmos a diferen\u00e7a, um empr\u00e9stimo que devemos pagar mais tarde. Ao ocultar o custo real do servi\u00e7o numa taxa artificialmente baixa, falta-nos transpar\u00eancia e responsabilidade perante os nossos residentes. O alinhamento da taxa com o verdadeiro custo do servi\u00e7o garante a transpar\u00eancia e obriga o governo a gerir os custos de forma eficaz e a negociar contratos justos.<\/p>\n<p>Em segundo lugar, quero enfatizar o nosso compromisso de proteger os mais vulner\u00e1veis \u200b\u200bfinanceiramente da nossa comunidade. Para esse fim, apresentamos <a href=\"https:\/\/jaxcityc.legistar.com\/LegislationDetail.aspx?ID=7087668&#038;GUID=DDB6E5C1-D3DD-4B94-86F5-5D5C66CFAB48&#038;Options=ID|Text|&#038;Search=solid+waste\" rel=\"nofollow noopener\" target=\"_blank\">uma conta complementar<\/a> para fornecer isen\u00e7\u00f5es para aqueles que n\u00e3o podem pagar a taxa de res\u00edduos s\u00f3lidos. Isso significa que fam\u00edlias e indiv\u00edduos com dificuldades financeiras n\u00e3o s\u00f3 evitar\u00e3o um aumento, mas ficar\u00e3o totalmente isentos da taxa, uma isen\u00e7\u00e3o que n\u00e3o existe na forma como est\u00e1 hoje.<\/p>\n<p>Por fim, quero compartilhar uma das m\u00e1ximas do meu pai: \u201cAntes de criticar, esteja preparado para construir uma ratoeira melhor\u201d. Aumentar a taxa sobre res\u00edduos s\u00f3lidos para reflectir o custo real do servi\u00e7o, protegendo simultaneamente as fam\u00edlias financeiramente vulner\u00e1veis \u200b\u200batrav\u00e9s de um programa de isen\u00e7\u00e3o, \u00e9 a melhor ratoeira. \u00c9 uma solu\u00e7\u00e3o fiscalmente respons\u00e1vel, transparente e sustent\u00e1vel para um problema que n\u00e3o podemos mais ignorar.<\/p>\n<p>Estou empenhado em trabalhar com os meus colegas e os nossos cidad\u00e3os para implementar uma solu\u00e7\u00e3o que seja justa, transparente e respons\u00e1vel.<\/p>\n<\/div>\n<p><br \/>\n<br \/><a href=\"https:\/\/jaxtoday.org\/2025\/01\/12\/opinion-why-we-need-to-raise-garbage-fees\/\">Source link <\/a><\/p>","protected":false},"excerpt":{"rendered":"<p>Voc\u00ea j\u00e1 deve estar familiarizado com minha proposta para resolver a d\u00edvida do fundo de res\u00edduos s\u00f3lidos de Jacksonville. Quero aproveitar esta oportunidade para explicar minha proposta e fornecer detalhes.&hellip;<\/p>","protected":false},"author":1,"featured_media":91026,"comment_status":"closed","ping_status":"open","sticky":false,"template":"","format":"standard","meta":{"content-type":"","footnotes":""},"categories":[1],"tags":[],"class_list":["post-91025","post","type-post","status-publish","format-standard","has-post-thumbnail","hentry","category-uncategorized"],"_links":{"self":[{"href":"https:\/\/tvbrazilusa.com\/pt\/wp-json\/wp\/v2\/posts\/91025","targetHints":{"allow":["GET"]}}],"collection":[{"href":"https:\/\/tvbrazilusa.com\/pt\/wp-json\/wp\/v2\/posts"}],"about":[{"href":"https:\/\/tvbrazilusa.com\/pt\/wp-json\/wp\/v2\/types\/post"}],"author":[{"embeddable":true,"href":"https:\/\/tvbrazilusa.com\/pt\/wp-json\/wp\/v2\/users\/1"}],"replies":[{"embeddable":true,"href":"https:\/\/tvbrazilusa.com\/pt\/wp-json\/wp\/v2\/comments?post=91025"}],"version-history":[{"count":1,"href":"https:\/\/tvbrazilusa.com\/pt\/wp-json\/wp\/v2\/posts\/91025\/revisions"}],"predecessor-version":[{"id":91027,"href":"https:\/\/tvbrazilusa.com\/pt\/wp-json\/wp\/v2\/posts\/91025\/revisions\/91027"}],"wp:featuredmedia":[{"embeddable":true,"href":"https:\/\/tvbrazilusa.com\/pt\/wp-json\/wp\/v2\/media\/91026"}],"wp:attachment":[{"href":"https:\/\/tvbrazilusa.com\/pt\/wp-json\/wp\/v2\/media?parent=91025"}],"wp:term":[{"taxonomy":"category","embeddable":true,"href":"https:\/\/tvbrazilusa.com\/pt\/wp-json\/wp\/v2\/categories?post=91025"},{"taxonomy":"post_tag","embeddable":true,"href":"https:\/\/tvbrazilusa.com\/pt\/wp-json\/wp\/v2\/tags?post=91025"}],"curies":[{"name":"wp","href":"https:\/\/api.w.org\/{rel}","templated":true}]}}