{"id":9113,"date":"2024-07-26T17:21:51","date_gmt":"2024-07-26T17:21:51","guid":{"rendered":"https:\/\/tvbrazilusa.com\/2024\/07\/26\/policia-de-orlando-procura-homem-desaparecido-de-75-anos-com-demencia\/"},"modified":"2024-07-26T17:30:42","modified_gmt":"2024-07-26T17:30:42","slug":"policia-de-orlando-procura-homem-desaparecido-de-75-anos-com-demencia","status":"publish","type":"post","link":"https:\/\/tvbrazilusa.com\/pt\/2024\/07\/26\/policia-de-orlando-procura-homem-desaparecido-de-75-anos-com-demencia\/","title":{"rendered":"Pol\u00edcia de Orlando procura homem desaparecido de 75 anos com dem\u00eancia"},"content":{"rendered":"<script async src=\"https:\/\/pagead2.googlesyndication.com\/pagead\/js\/adsbygoogle.js?client=ca-pub-8864793242727901\"\r\n     crossorigin=\"anonymous\"><\/script>\n<div id=\"\">\n<p class=\"dist__Box-sc-1fnzlkn-0 dist__TextBase-sc-1fnzlkn-3 CGHCP htMUPQ article-text\"><strong>ORLANDO, Fl\u00f3rida.<\/strong> \u2013 A pol\u00edcia de Orlando est\u00e1 procurando por um homem desaparecido de 75 anos que sofre de dem\u00eancia.<\/p>\n<p class=\"dist__Box-sc-1fnzlkn-0 dist__TextBase-sc-1fnzlkn-3 CGHCP htMUPQ article-text\">Miguel Vera foi visto pela \u00faltima vez por volta das 2 da manh\u00e3 de sexta-feira na \u00e1rea de South Kirkman Road e Raleigh Street, disse a pol\u00edcia em <a href=\"https:\/\/x.com\/OrlandoPolice\/status\/1816826832009732301\" target=\"_blank\" rel=\"noopener\">m\u00eddia social<\/a>.<\/p>\n<p class=\"dist__Box-sc-1fnzlkn-0 dist__TextBase-sc-1fnzlkn-3 CGHCP htMUPQ article-text\">Vera tem 1,70 m de altura e pesa 68 kg, tem olhos castanhos e cabelos grisalhos, de acordo com a pol\u00edcia, que acrescentou que ele foi visto pela \u00faltima vez vestindo uma camisa azul e cal\u00e7as pretas.<\/p>\n<p class=\"dist__Box-sc-1fnzlkn-0 dist__TextBase-sc-1fnzlkn-3 CGHCP htMUPQ article-text\">Qualquer pessoa que veja Vera ou tenha conhecimento de seu paradeiro deve ligar para o 911.<\/p>\n<div class=\"\">\n<div>\n<blockquote class=\"twitter-tweet\">\n<p lang=\"en\" dir=\"ltr\">ADULTO DESAPARECIDO COM DEM\u00caNCIA<br \/>Miguel Vera, de 75 anos, foi visto pela \u00faltima vez por volta das 2 da manh\u00e3 na \u00e1rea de S. Kirkman Road e Raleigh Street. <br \/>Ele tem 1,70 m e pesa 150 libras, olhos castanhos e cabelos grisalhos. Vera foi vista pela \u00faltima vez vestindo uma camisa azul e cal\u00e7as pretas. Se voc\u00ea o vir, ligue para o 9-1-1. <a href=\"https:\/\/t.co\/9ESrZh3meQ\">foto.twitter.com\/9ESrZh3meQ<\/a><\/p>\n<p>\u2014 Pol\u00edcia de Orlando (@OrlandoPolice) <a href=\"https:\/\/twitter.com\/OrlandoPolice\/status\/1816826832009732301?ref_src=twsrc%5Etfw\">26 de julho de 2024<\/a><\/p><\/blockquote><\/div>\n<\/div>\n<hr class=\"dist__Box-sc-1fnzlkn-0 dist__BaseDivider-sc-1fnzlkn-8 NJMqq\"\/>\n<p class=\"dist__Box-sc-1fnzlkn-0 dist__TextBase-sc-1fnzlkn-3 CGHCP htMUPQ article-text\"><b>Receba as manchetes de hoje em minutos com <\/b><a href=\"https:\/\/podcasts.apple.com\/us\/podcast\/your-florida-daily\/id1632084191\"><b>Seu di\u00e1rio da Fl\u00f3rida<\/b><\/a><b>:<\/b><\/p>\n<\/div>\n<p>Copyright 2024 por WKMG ClickOrlando &#8211; Todos os direitos reservados.<\/p>\n<p><script async src=\"\/\/platform.twitter.com\/widgets.js\" charset=\"utf-8\"><\/script><br \/>\n<br \/><br \/>\n<br \/><a href=\"https:\/\/www.clickorlando.com\/news\/local\/2024\/07\/26\/orlando-police-search-for-missing-75-year-old-man-with-dementia\/\">Source link <\/a><\/p>","protected":false},"excerpt":{"rendered":"<p>ORLANDO, Fl\u00f3rida. \u2013 A pol\u00edcia de Orlando est\u00e1 procurando por um homem desaparecido de 75 anos que sofre de dem\u00eancia. Miguel Vera foi visto pela \u00faltima vez por volta das&hellip;<\/p>","protected":false},"author":1,"featured_media":9114,"comment_status":"closed","ping_status":"open","sticky":false,"template":"","format":"standard","meta":{"content-type":"","footnotes":""},"categories":[1],"tags":[2134,1442,696],"class_list":["post-9113","post","type-post","status-publish","format-standard","has-post-thumbnail","hentry","category-uncategorized","tag-ausente","tag-condado-de-orange","tag-orlando"],"_links":{"self":[{"href":"https:\/\/tvbrazilusa.com\/pt\/wp-json\/wp\/v2\/posts\/9113","targetHints":{"allow":["GET"]}}],"collection":[{"href":"https:\/\/tvbrazilusa.com\/pt\/wp-json\/wp\/v2\/posts"}],"about":[{"href":"https:\/\/tvbrazilusa.com\/pt\/wp-json\/wp\/v2\/types\/post"}],"author":[{"embeddable":true,"href":"https:\/\/tvbrazilusa.com\/pt\/wp-json\/wp\/v2\/users\/1"}],"replies":[{"embeddable":true,"href":"https:\/\/tvbrazilusa.com\/pt\/wp-json\/wp\/v2\/comments?post=9113"}],"version-history":[{"count":1,"href":"https:\/\/tvbrazilusa.com\/pt\/wp-json\/wp\/v2\/posts\/9113\/revisions"}],"predecessor-version":[{"id":9115,"href":"https:\/\/tvbrazilusa.com\/pt\/wp-json\/wp\/v2\/posts\/9113\/revisions\/9115"}],"wp:featuredmedia":[{"embeddable":true,"href":"https:\/\/tvbrazilusa.com\/pt\/wp-json\/wp\/v2\/media\/9114"}],"wp:attachment":[{"href":"https:\/\/tvbrazilusa.com\/pt\/wp-json\/wp\/v2\/media?parent=9113"}],"wp:term":[{"taxonomy":"category","embeddable":true,"href":"https:\/\/tvbrazilusa.com\/pt\/wp-json\/wp\/v2\/categories?post=9113"},{"taxonomy":"post_tag","embeddable":true,"href":"https:\/\/tvbrazilusa.com\/pt\/wp-json\/wp\/v2\/tags?post=9113"}],"curies":[{"name":"wp","href":"https:\/\/api.w.org\/{rel}","templated":true}]}}