{"id":91146,"date":"2025-01-13T10:06:41","date_gmt":"2025-01-13T10:06:41","guid":{"rendered":"https:\/\/tvbrazilusa.com\/2025\/01\/13\/sob-a-gestao-lula-os-correios-irao-fechar-38-unidades-em-todo-o-pais-para-reduzir-gastos-medida-afetara-rn\/"},"modified":"2025-01-13T10:06:45","modified_gmt":"2025-01-13T10:06:45","slug":"sob-a-gestao-lula-os-correios-irao-fechar-38-unidades-em-todo-o-pais-para-reduzir-gastos-medida-afetara-rn","status":"publish","type":"post","link":"https:\/\/tvbrazilusa.com\/pt\/2025\/01\/13\/sob-a-gestao-lula-os-correios-irao-fechar-38-unidades-em-todo-o-pais-para-reduzir-gastos-medida-afetara-rn\/","title":{"rendered":"Sob a gest\u00e3o Lula, os Correios ir\u00e3o fechar 38 unidades em todo o pa\u00eds para &#8216;reduzir gastos&#8217;; medida afetar\u00e1 RN"},"content":{"rendered":"<p> <script async src=\"https:\/\/pagead2.googlesyndication.com\/pagead\/js\/adsbygoogle.js?client=ca-pub-8864793242727901\"\r\n     crossorigin=\"anonymous\"><\/script><br \/>\n<\/p>\n<div>\n<figure class=\"post-image\">\n<\/figure>\n<p>            <span style=\"font-size: 12px\">Reprodu\u00e7\u00e3o<\/span><\/p>\n<p>            <!-- end metas --><br \/>\n            <!-- ADS --><\/p>\n<div id=\"taboola-read-more\" style=\"display:block; width:100%\">\n<p>Os Correios v\u00e3o fechar 38 unidades das ag\u00eancias conhecidas como CEM (Correios Empresa). O fechamento foi anunciado em comunicado interno em 27 de dezembro. Al\u00e9m disso, a estatal tamb\u00e9m pretende reduzir o tamanho de outras 19 das 49 que continuar\u00e3o ativas.\n<\/p>\n<p>Essas ag\u00eancias s\u00e3o respons\u00e1veis pelo atendimento a empresas e oferecem servi\u00e7os personalizados, que deixar\u00e3o de existir. A decis\u00e3o foi baseada em um estudo interno realizado em outubro. Sua conclus\u00e3o \u00e9 que essas ag\u00eancias teriam baixa viabilidade econ\u00f4mica. O fechamento levaria a uma economia de R$ 8 milh\u00f5es.<\/p>\n<p>O an\u00fancio provocou cr\u00edticas do pr\u00f3prio sindicato dos Correios, historicamente alinhado \u00e0s gest\u00f5es do PT. Levantamento da organiza\u00e7\u00e3o que representa os funcion\u00e1rios diz que houve um aumento nas receitas com essa modalidade de R$ 76 milh\u00f5es em 2023 para R$ 108 milh\u00f5es em 2024.\n<\/p>\n<p>No jornal interno, eles questionam a decis\u00e3o: \u201cN\u00e3o \u00e9 contrassenso da Presid\u00eancia dos Correios fechar as 38 (trinta e oito) unidades CEM? E a pol\u00edtica dos Correios pela centralidade do cliente, como ficar\u00e3o os clientes atendidos? Quem s\u00e3o os verdadeiros interessados pelo fechamento dessas Unidades?\u201d.\n<\/p>\n<p>No RN, o fechamento das unidades ocorrer\u00e3o em Natal e Caic\u00f3.\n<\/p>\n<p>Com informa\u00e7\u00f5es de Poder 360              <\/p>\n<\/div>\n<p>                        <!-- Scripts para conteudo --><\/p>\n<p>            <!-- .\/Scripts para conteudo --><br \/>\n            <!-- .\/Mat\u00e9ria --><\/p>\n<div class=\"row mt-3\">\n<div class=\"col-sm-6\">\n                <!-- Whatsapp channel 3--><br \/>\n                <a href=\"https:\/\/chat.whatsapp.com\/B8Qy6Erx4kb6yTzj3kaDco\" target=\"_blank\"><br \/>\n                  <img decoding=\"async\" src=\"https:\/\/diariodobrasilnoticias.com.br\/assets-site\/images\/bot_whatsapp.png\"\/><\/a>\n              <\/div>\n<div class=\"col-sm-6\">\n                <a href=\"https:\/\/t.me\/+_4gTmi5LKo03OTM5\" target=\"_blank\"><br \/>\n                  <img decoding=\"async\" src=\"https:\/\/diariodobrasilnoticias.com.br\/assets-site\/images\/bot_telegram.png\"\/><\/a>\n              <\/div>\n<\/p><\/div>\n<p>            <!-- end post-navigation --><\/p>\n<p>              <!-- end row --><\/p>\n<p>              <!-- end col-12-->\n                      <\/div>\n<p><br \/>\n<br \/><a href=\"https:\/\/diariodobrasilnoticias.com.br\/noticia\/sob-a-gestao-lula-os-correios-irao-fechar-38-unidades-em-todo-o-pais-para-reduzir-gastos-medida-afetara-rn-6784e3f950085\">Source link <\/a><\/p>","protected":false},"excerpt":{"rendered":"<p>Reprodu\u00e7\u00e3o Os Correios v\u00e3o fechar 38 unidades das ag\u00eancias conhecidas como CEM (Correios Empresa). O fechamento foi anunciado em comunicado interno em 27 de dezembro. Al\u00e9m disso, a estatal tamb\u00e9m&hellip;<\/p>","protected":false},"author":1,"featured_media":91147,"comment_status":"closed","ping_status":"open","sticky":false,"template":"","format":"standard","meta":{"content-type":"","footnotes":""},"categories":[16],"tags":[123,2448,5313,1267],"class_list":["post-91146","post","type-post","status-publish","format-standard","has-post-thumbnail","hentry","category-noticias","tag-brasil","tag-diario","tag-noticia","tag-noticias"],"_links":{"self":[{"href":"https:\/\/tvbrazilusa.com\/pt\/wp-json\/wp\/v2\/posts\/91146","targetHints":{"allow":["GET"]}}],"collection":[{"href":"https:\/\/tvbrazilusa.com\/pt\/wp-json\/wp\/v2\/posts"}],"about":[{"href":"https:\/\/tvbrazilusa.com\/pt\/wp-json\/wp\/v2\/types\/post"}],"author":[{"embeddable":true,"href":"https:\/\/tvbrazilusa.com\/pt\/wp-json\/wp\/v2\/users\/1"}],"replies":[{"embeddable":true,"href":"https:\/\/tvbrazilusa.com\/pt\/wp-json\/wp\/v2\/comments?post=91146"}],"version-history":[{"count":1,"href":"https:\/\/tvbrazilusa.com\/pt\/wp-json\/wp\/v2\/posts\/91146\/revisions"}],"predecessor-version":[{"id":91148,"href":"https:\/\/tvbrazilusa.com\/pt\/wp-json\/wp\/v2\/posts\/91146\/revisions\/91148"}],"wp:featuredmedia":[{"embeddable":true,"href":"https:\/\/tvbrazilusa.com\/pt\/wp-json\/wp\/v2\/media\/91147"}],"wp:attachment":[{"href":"https:\/\/tvbrazilusa.com\/pt\/wp-json\/wp\/v2\/media?parent=91146"}],"wp:term":[{"taxonomy":"category","embeddable":true,"href":"https:\/\/tvbrazilusa.com\/pt\/wp-json\/wp\/v2\/categories?post=91146"},{"taxonomy":"post_tag","embeddable":true,"href":"https:\/\/tvbrazilusa.com\/pt\/wp-json\/wp\/v2\/tags?post=91146"}],"curies":[{"name":"wp","href":"https:\/\/api.w.org\/{rel}","templated":true}]}}