{"id":91152,"date":"2025-01-13T10:33:33","date_gmt":"2025-01-13T10:33:33","guid":{"rendered":"https:\/\/tvbrazilusa.com\/2025\/01\/13\/morre-ex-presidente-da-oab-marcello-lavenere-que-assinou-impeachment-de-collor\/"},"modified":"2025-01-13T10:33:34","modified_gmt":"2025-01-13T10:33:34","slug":"morre-ex-presidente-da-oab-marcello-lavenere-que-assinou-impeachment-de-collor","status":"publish","type":"post","link":"https:\/\/tvbrazilusa.com\/pt\/2025\/01\/13\/morre-ex-presidente-da-oab-marcello-lavenere-que-assinou-impeachment-de-collor\/","title":{"rendered":"Morre ex-presidente da OAB Marcello Laven\u00e8re, que assinou impeachment de Collor"},"content":{"rendered":"<p> <script async src=\"https:\/\/pagead2.googlesyndication.com\/pagead\/js\/adsbygoogle.js?client=ca-pub-8864793242727901\"\r\n     crossorigin=\"anonymous\"><\/script><br \/>\n<\/p>\n<div id=\"taboola-read-more\" style=\"display:block; width:100%\">\n<p>Conhecido por assinar o pedido de impeachment do ex-presidente da Rep\u00fablica Fernando Collor de Mello, o ex-presidente da Ordem dos Advogados do Brasil (OAB) Marcello Laven\u00e8re morreu neste domingo, 12. Laven\u00e8re tinha 86 anos e presidiu a OAB entre 1991 e 1993.\n<\/p>\n<p>Nas redes sociais, o presidente Luiz In\u00e1cio Lula da Silva prestou condol\u00eancias \u00e0 fam\u00edlia de Laven\u00e8re e destacou a luta do advogado, que presidiu a Comiss\u00e3o da Anistia (2003-2007), \u201cpela repara\u00e7\u00e3o \u00e0s v\u00edtimas da ditadura\u201d.<\/p>\n<p>O vel\u00f3rio de Laven\u00e8re ser\u00e1 na segunda, 13, em Bras\u00edlia. A OAB decretou luto de sete dias em raz\u00e3o da morte do membro honor\u00e1rio vital\u00edcio do Conselho Federal.\n<\/p>\n<p>O alagoano deixa sua mulher, seis filhos, 15 netos e sete bisnetos. Al\u00e9m de presidente da OAB, o jurista foi professor de Direito da Universidade Federal de Alagoas (Ufal) e da Universidade de Bras\u00edlia (UnB).\n<\/p>\n<p>Repercuss\u00e3o da morte de ex-presidente da OAB Marcello Laven\u00e8re<br \/>O presidente em exerc\u00edcio da entidade, Rafael Horn, afirmou que o \u201co legado de Laven\u00e8re \u00e9 de luta permanente\u201d. O presidente da OAB Beto Simonetti classificou o antecessor como \u201cum dos imprescind\u00edveis da advocacia\u201d.\n<\/p>\n<p>O advogado-geral da Uni\u00e3o Jorge Messias destacou a dedica\u00e7\u00e3o \u201cinabal\u00e1vel\u201d de Lavener\u00e8 \u00e0 justi\u00e7a social e \u00e0 democracia em nosso pa\u00eds.\n<\/p>\n<p>O presidente da Comiss\u00e3o Nacional de Estudos Constitucionais da OAB Marcus Vin\u00edcius Furtado Co\u00ealho considera que o Pa\u00eds \u201cperdeu um l\u00edder nato\u201d.\n<\/p>\n<p>Diferentes ex-presidentes da OAB prestaram homenagens a Laven\u00e8re Felipe Santa Cruz (2019 a 2022) classificou o jurista como \u201cgigante\u201d. Claudio Lamachia, presidente (2016 a 2019), disse que o colega vai se manter entre os \u201cgrandes nomes\u201d da profiss\u00e3o. Ophir Cavalcante Junior (2010 a 2013) disse que Laven\u00e8re foi um \u2018exemplo sobre o compromisso que nos advogados devemos ter na defesa da justi\u00e7a social\u2019.\n<\/p>\n<p>Cezar Britto (2007 a 2010) afirmou que Laven\u00e8re foi um \u201cadvogado de belas lutas, cidad\u00e3o que fez da democracia uma miss\u00e3o e nordestino que n\u00e3o recusava pelejar em nome da liberdade\u201d. Jos\u00e9 Roberto Batochio (1993 a 1995) disse que, com a partida do colega, \u201cficam menores a advocacia e a democracia brasileira\u201d.\n<\/p>\n<p>Reda\u00e7\u00e3o Oeste, com informa\u00e7\u00f5es da Ag\u00eancia Estado              <\/p>\n<\/div>\n<p><br \/>\n<br \/><a href=\"https:\/\/diariodobrasilnoticias.com.br\/noticia\/morre-ex-presidente-da-oab-marcello-lavenere-que-assinou-impeachment-de-collor-6784eb134df46\">Source link <\/a><\/p>","protected":false},"excerpt":{"rendered":"<p>Conhecido por assinar o pedido de impeachment do ex-presidente da Rep\u00fablica Fernando Collor de Mello, o ex-presidente da Ordem dos Advogados do Brasil (OAB) Marcello Laven\u00e8re morreu neste domingo, 12.&hellip;<\/p>","protected":false},"author":1,"featured_media":91153,"comment_status":"closed","ping_status":"open","sticky":false,"template":"","format":"standard","meta":{"content-type":"","footnotes":""},"categories":[16],"tags":[123,2448,5313,1267],"class_list":["post-91152","post","type-post","status-publish","format-standard","has-post-thumbnail","hentry","category-noticias","tag-brasil","tag-diario","tag-noticia","tag-noticias"],"_links":{"self":[{"href":"https:\/\/tvbrazilusa.com\/pt\/wp-json\/wp\/v2\/posts\/91152","targetHints":{"allow":["GET"]}}],"collection":[{"href":"https:\/\/tvbrazilusa.com\/pt\/wp-json\/wp\/v2\/posts"}],"about":[{"href":"https:\/\/tvbrazilusa.com\/pt\/wp-json\/wp\/v2\/types\/post"}],"author":[{"embeddable":true,"href":"https:\/\/tvbrazilusa.com\/pt\/wp-json\/wp\/v2\/users\/1"}],"replies":[{"embeddable":true,"href":"https:\/\/tvbrazilusa.com\/pt\/wp-json\/wp\/v2\/comments?post=91152"}],"version-history":[{"count":1,"href":"https:\/\/tvbrazilusa.com\/pt\/wp-json\/wp\/v2\/posts\/91152\/revisions"}],"predecessor-version":[{"id":91154,"href":"https:\/\/tvbrazilusa.com\/pt\/wp-json\/wp\/v2\/posts\/91152\/revisions\/91154"}],"wp:featuredmedia":[{"embeddable":true,"href":"https:\/\/tvbrazilusa.com\/pt\/wp-json\/wp\/v2\/media\/91153"}],"wp:attachment":[{"href":"https:\/\/tvbrazilusa.com\/pt\/wp-json\/wp\/v2\/media?parent=91152"}],"wp:term":[{"taxonomy":"category","embeddable":true,"href":"https:\/\/tvbrazilusa.com\/pt\/wp-json\/wp\/v2\/categories?post=91152"},{"taxonomy":"post_tag","embeddable":true,"href":"https:\/\/tvbrazilusa.com\/pt\/wp-json\/wp\/v2\/tags?post=91152"}],"curies":[{"name":"wp","href":"https:\/\/api.w.org\/{rel}","templated":true}]}}