{"id":91158,"date":"2025-01-13T10:52:08","date_gmt":"2025-01-13T10:52:08","guid":{"rendered":"https:\/\/tvbrazilusa.com\/2025\/01\/13\/desaprovacao-de-jovens-a-economia-no-governo-lula-iii-atinge-71-aponta-datafolha\/"},"modified":"2025-01-13T10:52:09","modified_gmt":"2025-01-13T10:52:09","slug":"desaprovacao-de-jovens-a-economia-no-governo-lula-iii-atinge-71-aponta-datafolha","status":"publish","type":"post","link":"https:\/\/tvbrazilusa.com\/pt\/2025\/01\/13\/desaprovacao-de-jovens-a-economia-no-governo-lula-iii-atinge-71-aponta-datafolha\/","title":{"rendered":"Desaprova\u00e7\u00e3o de jovens \u00e0 economia no governo Lula III atinge 71%, aponta Datafolha"},"content":{"rendered":"<p> <script async src=\"https:\/\/pagead2.googlesyndication.com\/pagead\/js\/adsbygoogle.js?client=ca-pub-8864793242727901\"\r\n     crossorigin=\"anonymous\"><\/script><br \/>\n<\/p>\n<div id=\"taboola-read-more\" style=\"display:block; width:100%\">\n<p>Uma pesquisa do Datafolha mostra que 71% dos brasileiros entre 16 e 24 anos acreditam que a economia est\u00e1 no caminho errado sob Lula III, enquanto apenas 23% dessa faixa et\u00e1ria consideram que segue na trajet\u00f3ria certa.\n<\/p>\n<p>A percep\u00e7\u00e3o negativa se mant\u00e9m em todas as faixas et\u00e1rias: entre os que t\u00eam de 25 a 34 anos, 68% desaprovam o rumo econ\u00f4mico e 27% o avaliam positivamente; dos 35 a 59 anos, 64% consideram que a economia est\u00e1 no rumo errado, enquanto 33% acham que est\u00e1 no caminho certo\/<\/p>\n<p>J\u00e1 entre aqueles com mais de 60 anos, 55% t\u00eam uma vis\u00e3o negativa e 36% enxergam o cen\u00e1rio de forma positiva.\n<\/p>\n<p>O levantamento ainda mostrou que o otimismo dos brasileiros para 2025 \u00e9 o menor desde 2020. Apenas 47% acreditam que a situa\u00e7\u00e3o da popula\u00e7\u00e3o ser\u00e1 melhor no pr\u00f3ximo ano, enquanto 25% esperam que ser\u00e1 pior e outros 25% acreditam que permanecer\u00e1 igual. Apenas 3% n\u00e3o souberam responder.<\/p>\n<p>N\u00famero de pessoas em situa\u00e7\u00e3o de rua no Brasil dispara 25%<br \/>Um estudo do Observat\u00f3rio Brasileiro de Pol\u00edticas P\u00fablicas com a Popula\u00e7\u00e3o em Situa\u00e7\u00e3o de Rua, da UFMG, revelou que o n\u00famero de pessoas vivendo em situa\u00e7\u00e3o de rua no Brasil aumentou 25% entre 2023 e 2024. Em dezembro de 2023, 261.653 pessoas estavam nessa condi\u00e7\u00e3o. Um ano depois, o total saltou para 327.925.\n<\/p>\n<p>O n\u00famero atual \u00e9 14 vezes maior do que h\u00e1 11 anos, quando 22.922 pessoas viviam nas ruas. O levantamento ainda destacou que 70% das pessoas em situa\u00e7\u00e3o de rua n\u00e3o conclu\u00edram o ensino fundamental e 11% s\u00e3o analfabetas.\n<\/p>\n<p>A Regi\u00e3o Sudeste \u00e9 a mais afetada, com 204.714 pessoas, representando 63% do total nacional. O Nordeste aparece em segundo lugar, com 47.419 pessoas (14%). Somente o estado de S\u00e3o Paulo concentra 139.799 pessoas em situa\u00e7\u00e3o de rua, o equivalente a 43% do total brasileiro. Rio de Janeiro (30.801) e Minas Gerais (30.244) completam a lista dos estados mais impactados.\n<\/p>\n<p>Em S\u00e3o Paulo, a Secretaria Estadual de Desenvolvimento Social informou que destinou R$ 156 milh\u00f5es dos R$ 240 milh\u00f5es do Fundo Estadual de Assist\u00eancia Social aos servi\u00e7os de Prote\u00e7\u00e3o Social Especial em 2024. Apesar disso, o aumento da popula\u00e7\u00e3o de rua continua desafiando pol\u00edticas p\u00fablicas.\n<\/p>\n<p>O levantamento utilizou informa\u00e7\u00f5es do Cadastro \u00danico de Programas Sociais, que re\u00fane benefici\u00e1rios de iniciativas como o Bolsa Fam\u00edlia e o Benef\u00edcio de Presta\u00e7\u00e3o Continuada.<\/p>\n<p>Fonte: Jovem Pan              <\/p>\n<\/div>\n<p><br \/>\n<br \/><a href=\"https:\/\/diariodobrasilnoticias.com.br\/noticia\/desaprovacao-de-jovens-a-economia-no-governo-lula-iii-atinge-71-aponta-datafolha-6784ec8315da6\">Source link <\/a><\/p>","protected":false},"excerpt":{"rendered":"<p>Uma pesquisa do Datafolha mostra que 71% dos brasileiros entre 16 e 24 anos acreditam que a economia est\u00e1 no caminho errado sob Lula III, enquanto apenas 23% dessa faixa&hellip;<\/p>","protected":false},"author":1,"featured_media":91159,"comment_status":"closed","ping_status":"open","sticky":false,"template":"","format":"standard","meta":{"content-type":"","footnotes":""},"categories":[16],"tags":[123,2448,5313,1267],"class_list":["post-91158","post","type-post","status-publish","format-standard","has-post-thumbnail","hentry","category-noticias","tag-brasil","tag-diario","tag-noticia","tag-noticias"],"_links":{"self":[{"href":"https:\/\/tvbrazilusa.com\/pt\/wp-json\/wp\/v2\/posts\/91158","targetHints":{"allow":["GET"]}}],"collection":[{"href":"https:\/\/tvbrazilusa.com\/pt\/wp-json\/wp\/v2\/posts"}],"about":[{"href":"https:\/\/tvbrazilusa.com\/pt\/wp-json\/wp\/v2\/types\/post"}],"author":[{"embeddable":true,"href":"https:\/\/tvbrazilusa.com\/pt\/wp-json\/wp\/v2\/users\/1"}],"replies":[{"embeddable":true,"href":"https:\/\/tvbrazilusa.com\/pt\/wp-json\/wp\/v2\/comments?post=91158"}],"version-history":[{"count":1,"href":"https:\/\/tvbrazilusa.com\/pt\/wp-json\/wp\/v2\/posts\/91158\/revisions"}],"predecessor-version":[{"id":91160,"href":"https:\/\/tvbrazilusa.com\/pt\/wp-json\/wp\/v2\/posts\/91158\/revisions\/91160"}],"wp:featuredmedia":[{"embeddable":true,"href":"https:\/\/tvbrazilusa.com\/pt\/wp-json\/wp\/v2\/media\/91159"}],"wp:attachment":[{"href":"https:\/\/tvbrazilusa.com\/pt\/wp-json\/wp\/v2\/media?parent=91158"}],"wp:term":[{"taxonomy":"category","embeddable":true,"href":"https:\/\/tvbrazilusa.com\/pt\/wp-json\/wp\/v2\/categories?post=91158"},{"taxonomy":"post_tag","embeddable":true,"href":"https:\/\/tvbrazilusa.com\/pt\/wp-json\/wp\/v2\/tags?post=91158"}],"curies":[{"name":"wp","href":"https:\/\/api.w.org\/{rel}","templated":true}]}}