{"id":91161,"date":"2025-01-13T11:04:50","date_gmt":"2025-01-13T11:04:50","guid":{"rendered":"https:\/\/tvbrazilusa.com\/2025\/01\/13\/liderancas-do-pt-querem-lancar-o-nome-de-jose-dirceu-a-presidencia-do-partido\/"},"modified":"2025-01-13T11:04:51","modified_gmt":"2025-01-13T11:04:51","slug":"liderancas-do-pt-querem-lancar-o-nome-de-jose-dirceu-a-presidencia-do-partido","status":"publish","type":"post","link":"https:\/\/tvbrazilusa.com\/pt\/2025\/01\/13\/liderancas-do-pt-querem-lancar-o-nome-de-jose-dirceu-a-presidencia-do-partido\/","title":{"rendered":"Lideran\u00e7as do PT querem lan\u00e7ar o nome de Jos\u00e9 Dirceu \u00e0 presid\u00eancia do partido"},"content":{"rendered":"<p> <script async src=\"https:\/\/pagead2.googlesyndication.com\/pagead\/js\/adsbygoogle.js?client=ca-pub-8864793242727901\"\r\n     crossorigin=\"anonymous\"><\/script><br \/>\n<\/p>\n<div id=\"taboola-read-more\" style=\"display:block; width:100%\">\n<p>Lideran\u00e7as do PT e de movimentos sindicais come\u00e7am a se movimentar para lan\u00e7ar o nome de Jos\u00e9 Dirceu \u00e0 presid\u00eancia do PT. Na an\u00e1lise delas, o ex-ministro seria o \u00fanico nome com estofo para defender a legenda nos dois anos que faltam para as elei\u00e7\u00f5es presidenciais, de governadores e de deputados e senadores, consideradas desafiadoras.\n<\/p>\n<p>BRILHA UMA ESTRELA<br \/>De acordo com um parlamentar do partido, uma eventual candidatura de Dirceu correria como rastilho de p\u00f3lvora, e seria apoiada pela ampla maioria da legenda. De acordo com o mesmo deputado, h\u00e1 duas pessoas que s\u00e3o adoradas pelos militantes da legenda: o ex-ministro e Gleisi Hoffmann, que deixa o comando do partido em julho de 2025. A renova\u00e7\u00e3o da dire\u00e7\u00e3o do partido nas esferas municipal, estadual e federal ser\u00e1 feita por elei\u00e7\u00e3o direta.<\/p>\n<p>ESTRELA 2<br \/>Sindicalistas j\u00e1 procuraram o ex-ministro para falar sobre o assunto, e volta e meia, depois de discursar em eventos partid\u00e1rios, ele \u00e9 abordado sobre uma poss\u00edvel candidatura.\n<\/p>\n<p>ESTRELA 3<br \/>O ex-ministro, no entanto, repete que vai fazer 80 anos e n\u00e3o quer &#8220;de jeito nenhum&#8221; presidir a legenda, j\u00e1 que fez isso &#8220;a vida inteira&#8221; em d\u00e9cadas passadas. Entre 1995 e 2003, ele comandava o partido, sendo considerado o principal art\u00edfice da primeira elei\u00e7\u00e3o de Lula para presidente, em 2002.\n<\/p>\n<p>ESTRELA 4<br \/>O nome de Dirceu tamb\u00e9m enfrentaria resist\u00eancia em setores ligados ao governo. E o ex-ministro j\u00e1 tem candidato para o cargo: o prefeito de Araraquara (SP), Edinho Silva \u2014que tem tamb\u00e9m o aval de Lula.\n<\/p>\n<p>PONTO FINAL<br \/>Em dezembro, o Superior Tribunal de Justi\u00e7a (STJ) encerrou todos os processos contra o petista, ap\u00f3s o ministro do STF (Supremo Tribunal Federal) Gilmar Mendes ter anulado suas condena\u00e7\u00f5es.\n<\/p>\n<p>PONTO FINAL 2<br \/>Depois da decis\u00e3o de Gilmar, os demais tribunais ficaram com a responsabilidade de analisar se os casos ainda poderiam ser reiniciados na Justi\u00e7a. Foram julgados tr\u00eas processos que envolvem o ex-ministro-chefe da Casa Civil do primeiro mandato de Lula, todos sob a relatoria da ministra Daniela Teixeira.\n<\/p>\n<p>O diretor do Festival de Com\u00e9dia do Grupo Tapa, Eduardo Tolentino de Araujo, recebeu convidados na abertura do evento, na semana passada, no Teatro It\u00e1lia, em S\u00e3o Paulo. A noite contou com a presen\u00e7a do produtor do grupo, JP Franco. Os atores Alex Gruli e Thais Melchior, o diretor Bruno Guida, a dramaturga Noemi Marinho e o ator Eucir de Souza compareceram. A estreia da pe\u00e7a &#8220;A Falecida Senhora sua M\u00e3e&#8221; marcou a celebra\u00e7\u00e3o.<\/p>\n<p>Fonte: Folha de S. Paulo              <\/p>\n<\/div>\n<p><br \/>\n<br \/><a href=\"https:\/\/diariodobrasilnoticias.com.br\/noticia\/liderancas-do-pt-querem-lancar-o-nome-de-jose-dirceu-a-presidencia-do-partido-6784e7c012402\">Source link <\/a><\/p>","protected":false},"excerpt":{"rendered":"<p>Lideran\u00e7as do PT e de movimentos sindicais come\u00e7am a se movimentar para lan\u00e7ar o nome de Jos\u00e9 Dirceu \u00e0 presid\u00eancia do PT. Na an\u00e1lise delas, o ex-ministro seria o \u00fanico&hellip;<\/p>","protected":false},"author":1,"featured_media":91162,"comment_status":"closed","ping_status":"open","sticky":false,"template":"","format":"standard","meta":{"content-type":"","footnotes":""},"categories":[16],"tags":[123,2448,5313,1267],"class_list":["post-91161","post","type-post","status-publish","format-standard","has-post-thumbnail","hentry","category-noticias","tag-brasil","tag-diario","tag-noticia","tag-noticias"],"_links":{"self":[{"href":"https:\/\/tvbrazilusa.com\/pt\/wp-json\/wp\/v2\/posts\/91161","targetHints":{"allow":["GET"]}}],"collection":[{"href":"https:\/\/tvbrazilusa.com\/pt\/wp-json\/wp\/v2\/posts"}],"about":[{"href":"https:\/\/tvbrazilusa.com\/pt\/wp-json\/wp\/v2\/types\/post"}],"author":[{"embeddable":true,"href":"https:\/\/tvbrazilusa.com\/pt\/wp-json\/wp\/v2\/users\/1"}],"replies":[{"embeddable":true,"href":"https:\/\/tvbrazilusa.com\/pt\/wp-json\/wp\/v2\/comments?post=91161"}],"version-history":[{"count":1,"href":"https:\/\/tvbrazilusa.com\/pt\/wp-json\/wp\/v2\/posts\/91161\/revisions"}],"predecessor-version":[{"id":91163,"href":"https:\/\/tvbrazilusa.com\/pt\/wp-json\/wp\/v2\/posts\/91161\/revisions\/91163"}],"wp:featuredmedia":[{"embeddable":true,"href":"https:\/\/tvbrazilusa.com\/pt\/wp-json\/wp\/v2\/media\/91162"}],"wp:attachment":[{"href":"https:\/\/tvbrazilusa.com\/pt\/wp-json\/wp\/v2\/media?parent=91161"}],"wp:term":[{"taxonomy":"category","embeddable":true,"href":"https:\/\/tvbrazilusa.com\/pt\/wp-json\/wp\/v2\/categories?post=91161"},{"taxonomy":"post_tag","embeddable":true,"href":"https:\/\/tvbrazilusa.com\/pt\/wp-json\/wp\/v2\/tags?post=91161"}],"curies":[{"name":"wp","href":"https:\/\/api.w.org\/{rel}","templated":true}]}}