{"id":91164,"date":"2025-01-13T11:17:33","date_gmt":"2025-01-13T11:17:33","guid":{"rendered":"https:\/\/tvbrazilusa.com\/2025\/01\/13\/g-7-denuncia-falta-de-legitimidade-em-posse-de-nicolas-maduro-na-venezuela\/"},"modified":"2025-01-13T11:17:35","modified_gmt":"2025-01-13T11:17:35","slug":"g-7-denuncia-falta-de-legitimidade-em-posse-de-nicolas-maduro-na-venezuela","status":"publish","type":"post","link":"https:\/\/tvbrazilusa.com\/pt\/2025\/01\/13\/g-7-denuncia-falta-de-legitimidade-em-posse-de-nicolas-maduro-na-venezuela\/","title":{"rendered":"G-7 denuncia falta de legitimidade em posse de Nicol\u00e1s Maduro na Venezuela"},"content":{"rendered":"<p> <script async src=\"https:\/\/pagead2.googlesyndication.com\/pagead\/js\/adsbygoogle.js?client=ca-pub-8864793242727901\"\r\n     crossorigin=\"anonymous\"><\/script><br \/>\n<\/p>\n<div id=\"taboola-read-more\" style=\"display:block; width:100%\">\n<p>Os ministros de rela\u00e7\u00f5es exteriores dos pa\u00edses integrantes do G-7 (Canad\u00e1, Fran\u00e7a, Alemanha, It\u00e1lia, Jap\u00e3o, Reino Unido e Estados Unidos)\u00a0assinaram uma nota conjunta denunciando falta de legitimidade na posse de Nicol\u00e1s Maduro como presidente da Venezuela.\n<\/p>\n<p>\u201cRejeitamos a cont\u00ednua e repressiva press\u00e3o de Maduro sobre o poder \u00e0s custas do povo venezuelano, que votou pela mudan\u00e7a pacificamente e em grande n\u00famero em 28 de julho de 2024, de acordo com observadores independentes e registros eleitorais dispon\u00edveis publicamente\u201d, diz o texto.<\/p>\n<p>Al\u00e9m disso, o G-7 condenou a repress\u00e3o contra membros de partidos contr\u00e1rios ao governo Maduro, citando a l\u00edder da oposi\u00e7\u00e3o, Mar\u00eda Corina Machado. A nota afirma ainda que Edmundo Gonz\u00e1lez Urrutia recebeu uma \u201cmaioria de votos significativa, de acordo com relatos confi\u00e1veis\u201d, e foi for\u00e7ado a sair do pa\u00eds ap\u00f3s a elei\u00e7\u00e3o.\n<\/p>\n<p>O ditador venezuelano tomou posse na \u00faltima sexta-feira, 10, para um mandato de seis anos em uma cerim\u00f4nia esvaziada de chefes de Estado e governo, expondo seu isolamento pol\u00edtico. O Brasil enviou a embaixadora Gliv\u00e2nia Maria de Oliveira para a cerim\u00f4nia. Outros pa\u00edses de esquerda da regi\u00e3o, como o M\u00e9xico e a Col\u00f4mbia, tamb\u00e9m enviaram embaixadores. O Chile n\u00e3o enviou ningu\u00e9m.\n<\/p>\n<p class=\"styles__ParagraphStyled-sc-6adecn-0 dXbqCe\">Maduro diz ter vencido as elei\u00e7\u00f5es de julho, em meio a den\u00fancias de fraude. Atas de col\u00e9gios eleitorais reunidas pela oposi\u00e7\u00e3o e verificadas por centros de monitoramento e por \u00f3rg\u00e3os de imprensa internacional indicaram a vit\u00f3ria de Gonz\u00e1lez por ampla margem.\n<\/p>\n<p class=\"styles__ParagraphStyled-sc-6adecn-0 dXbqCe\">Na nota conjunta, os chanceleres de Canad\u00e1, Fran\u00e7a, Alemanha, It\u00e1lia, Jap\u00e3o, Reino Unido e Estados Unidos, al\u00e9m do alto representante da Uni\u00e3o Europeia, refor\u00e7aram o compromisso de trabalhar com os cidad\u00e3os venezuelanos e a comunidade internacional para assegurar a democracia do pa\u00eds da Am\u00e9rica Latina, como expressada na elei\u00e7\u00e3o de julho de 2024, com uma transi\u00e7\u00e3o de poder pac\u00edfica.\n<\/p>\n<p class=\"styles__ParagraphStyled-sc-6adecn-0 dXbqCe\">Um dia antes da posse de Maduro, a l\u00edder opositora da Venezuela,\u00a0Mar\u00eda Corina Machado, foi detida ap\u00f3s ser interceptada ao deixar o protesto em Caracas contra o ditador. O Comando Nacional da Venezuela, que havia inicialmente anunciado a intercepta\u00e7\u00e3o, afirmou que Corina Machado foi liberada ap\u00f3s algumas horas. O regime chavista negou a den\u00fancia.\n<\/p>\n<p class=\"styles__ParagraphStyled-sc-6adecn-0 dXbqCe\">Diante das cr\u00edticas, os governos dos\u00a0Estados Unidos\u00a0e do\u00a0Reino Unido\u00a0ampliaram a press\u00e3o e\u00a0aplicaram novas san\u00e7\u00f5es contra a ditadura de Nicol\u00e1s Maduro. Os americanos inclu\u00edram oito lideran\u00e7as do regime na sua lista de congelamento de ativos e proibi\u00e7\u00e3o de viagens. O presidente\u00a0Joe Biden\u00a0tamb\u00e9m aumentou a recompensa pela captura de Maduro de US$ 15 milh\u00f5es para US$ 25 milh\u00f5es. Os brit\u00e2nicos, por sua vez, anunciaram san\u00e7\u00f5es contra 15 funcion\u00e1rios de alto escal\u00e3o do regime venezuelano, o qual chamou de \u201cfraudulento\u201d.\n<\/p>\n<p><strong>Estad\u00e3o Conte\u00fado<\/strong>              <\/p>\n<\/div>\n<p><br \/>\n<br \/><a href=\"https:\/\/diariodobrasilnoticias.com.br\/noticia\/g-7-denuncia-falta-de-legitimidade-em-posse-de-nicolas-maduro-na-venezuela-6784e9fae3a2b\">Source link <\/a><\/p>","protected":false},"excerpt":{"rendered":"<p>Os ministros de rela\u00e7\u00f5es exteriores dos pa\u00edses integrantes do G-7 (Canad\u00e1, Fran\u00e7a, Alemanha, It\u00e1lia, Jap\u00e3o, Reino Unido e Estados Unidos)\u00a0assinaram uma nota conjunta denunciando falta de legitimidade na posse de&hellip;<\/p>","protected":false},"author":1,"featured_media":91165,"comment_status":"closed","ping_status":"open","sticky":false,"template":"","format":"standard","meta":{"content-type":"","footnotes":""},"categories":[16],"tags":[123,2448,5313,1267],"class_list":["post-91164","post","type-post","status-publish","format-standard","has-post-thumbnail","hentry","category-noticias","tag-brasil","tag-diario","tag-noticia","tag-noticias"],"_links":{"self":[{"href":"https:\/\/tvbrazilusa.com\/pt\/wp-json\/wp\/v2\/posts\/91164","targetHints":{"allow":["GET"]}}],"collection":[{"href":"https:\/\/tvbrazilusa.com\/pt\/wp-json\/wp\/v2\/posts"}],"about":[{"href":"https:\/\/tvbrazilusa.com\/pt\/wp-json\/wp\/v2\/types\/post"}],"author":[{"embeddable":true,"href":"https:\/\/tvbrazilusa.com\/pt\/wp-json\/wp\/v2\/users\/1"}],"replies":[{"embeddable":true,"href":"https:\/\/tvbrazilusa.com\/pt\/wp-json\/wp\/v2\/comments?post=91164"}],"version-history":[{"count":1,"href":"https:\/\/tvbrazilusa.com\/pt\/wp-json\/wp\/v2\/posts\/91164\/revisions"}],"predecessor-version":[{"id":91166,"href":"https:\/\/tvbrazilusa.com\/pt\/wp-json\/wp\/v2\/posts\/91164\/revisions\/91166"}],"wp:featuredmedia":[{"embeddable":true,"href":"https:\/\/tvbrazilusa.com\/pt\/wp-json\/wp\/v2\/media\/91165"}],"wp:attachment":[{"href":"https:\/\/tvbrazilusa.com\/pt\/wp-json\/wp\/v2\/media?parent=91164"}],"wp:term":[{"taxonomy":"category","embeddable":true,"href":"https:\/\/tvbrazilusa.com\/pt\/wp-json\/wp\/v2\/categories?post=91164"},{"taxonomy":"post_tag","embeddable":true,"href":"https:\/\/tvbrazilusa.com\/pt\/wp-json\/wp\/v2\/tags?post=91164"}],"curies":[{"name":"wp","href":"https:\/\/api.w.org\/{rel}","templated":true}]}}