{"id":91179,"date":"2025-01-13T12:28:32","date_gmt":"2025-01-13T12:28:32","guid":{"rendered":"https:\/\/tvbrazilusa.com\/2025\/01\/13\/lula-sanciona-lei-que-veta-o-uso-de-celulares-em-escolas-de-educacao-basica\/"},"modified":"2025-01-13T12:28:33","modified_gmt":"2025-01-13T12:28:33","slug":"lula-sanciona-lei-que-veta-o-uso-de-celulares-em-escolas-de-educacao-basica","status":"publish","type":"post","link":"https:\/\/tvbrazilusa.com\/pt\/2025\/01\/13\/lula-sanciona-lei-que-veta-o-uso-de-celulares-em-escolas-de-educacao-basica\/","title":{"rendered":"Lula sanciona lei que veta o uso de celulares em escolas de educa\u00e7\u00e3o b\u00e1sica"},"content":{"rendered":"<p> <script async src=\"https:\/\/pagead2.googlesyndication.com\/pagead\/js\/adsbygoogle.js?client=ca-pub-8864793242727901\"\r\n     crossorigin=\"anonymous\"><\/script><br \/>\n<\/p>\n<div id=\"taboola-read-more\" style=\"display:block; width:100%\">\n<p>O presidente<strong>\u00a0Luiz In\u00e1cio Lula da Silva<\/strong>\u00a0sancionou nesta segunda-feira (13) a lei que pro\u00edbe o uso de celulares e aparelhos eletr\u00f4nicos em escolas p\u00fablicas e privadas da educa\u00e7\u00e3o b\u00e1sica.\n<\/p>\n<p>A medida, que ser\u00e1 regulamentada pelo\u00a0<strong>Minist\u00e9rio da Educa\u00e7\u00e3o<\/strong>, restringe o uso durante aulas, intervalos e recreios, exceto em casos pedag\u00f3gicos ou situa\u00e7\u00f5es de emerg\u00eancia.<\/p>\n<p>A lei tamb\u00e9m estabelece a\u00e7\u00f5es para promover a sa\u00fade mental dos estudantes, como treinamentos para identificar sinais de sofrimento ps\u00edquico relacionados ao uso excessivo de telas, al\u00e9m de criar espa\u00e7os de acolhimento nas escolas. Iniciativas semelhantes j\u00e1 foram adotadas no Rio e SP.\n<\/p>\n<p>Fonte: Vero              <\/p>\n<\/div>\n<p><br \/>\n<br \/><a href=\"https:\/\/diariodobrasilnoticias.com.br\/noticia\/lula-sanciona-lei-que-veta-o-uso-de-celulares-em-escolas-de-educacao-basica-678504c165f39\">Source link <\/a><\/p>","protected":false},"excerpt":{"rendered":"<p>O presidente\u00a0Luiz In\u00e1cio Lula da Silva\u00a0sancionou nesta segunda-feira (13) a lei que pro\u00edbe o uso de celulares e aparelhos eletr\u00f4nicos em escolas p\u00fablicas e privadas da educa\u00e7\u00e3o b\u00e1sica. A medida,&hellip;<\/p>","protected":false},"author":1,"featured_media":91180,"comment_status":"closed","ping_status":"open","sticky":false,"template":"","format":"standard","meta":{"content-type":"","footnotes":""},"categories":[16],"tags":[123,2448,5313,1267],"class_list":["post-91179","post","type-post","status-publish","format-standard","has-post-thumbnail","hentry","category-noticias","tag-brasil","tag-diario","tag-noticia","tag-noticias"],"_links":{"self":[{"href":"https:\/\/tvbrazilusa.com\/pt\/wp-json\/wp\/v2\/posts\/91179","targetHints":{"allow":["GET"]}}],"collection":[{"href":"https:\/\/tvbrazilusa.com\/pt\/wp-json\/wp\/v2\/posts"}],"about":[{"href":"https:\/\/tvbrazilusa.com\/pt\/wp-json\/wp\/v2\/types\/post"}],"author":[{"embeddable":true,"href":"https:\/\/tvbrazilusa.com\/pt\/wp-json\/wp\/v2\/users\/1"}],"replies":[{"embeddable":true,"href":"https:\/\/tvbrazilusa.com\/pt\/wp-json\/wp\/v2\/comments?post=91179"}],"version-history":[{"count":1,"href":"https:\/\/tvbrazilusa.com\/pt\/wp-json\/wp\/v2\/posts\/91179\/revisions"}],"predecessor-version":[{"id":91181,"href":"https:\/\/tvbrazilusa.com\/pt\/wp-json\/wp\/v2\/posts\/91179\/revisions\/91181"}],"wp:featuredmedia":[{"embeddable":true,"href":"https:\/\/tvbrazilusa.com\/pt\/wp-json\/wp\/v2\/media\/91180"}],"wp:attachment":[{"href":"https:\/\/tvbrazilusa.com\/pt\/wp-json\/wp\/v2\/media?parent=91179"}],"wp:term":[{"taxonomy":"category","embeddable":true,"href":"https:\/\/tvbrazilusa.com\/pt\/wp-json\/wp\/v2\/categories?post=91179"},{"taxonomy":"post_tag","embeddable":true,"href":"https:\/\/tvbrazilusa.com\/pt\/wp-json\/wp\/v2\/tags?post=91179"}],"curies":[{"name":"wp","href":"https:\/\/api.w.org\/{rel}","templated":true}]}}