{"id":91217,"date":"2025-01-13T14:42:52","date_gmt":"2025-01-13T14:42:52","guid":{"rendered":"https:\/\/tvbrazilusa.com\/2025\/01\/13\/economista-diz-que-governo-se-ilude-com-falsa-estabilidade\/"},"modified":"2025-01-13T14:42:54","modified_gmt":"2025-01-13T14:42:54","slug":"economista-diz-que-governo-se-ilude-com-falsa-estabilidade","status":"publish","type":"post","link":"https:\/\/tvbrazilusa.com\/pt\/2025\/01\/13\/economista-diz-que-governo-se-ilude-com-falsa-estabilidade\/","title":{"rendered":"Economista diz que Governo se ilude com falsa estabilidade"},"content":{"rendered":"<p> <script async src=\"https:\/\/pagead2.googlesyndication.com\/pagead\/js\/adsbygoogle.js?client=ca-pub-8864793242727901\"\r\n     crossorigin=\"anonymous\"><\/script><br \/>\n<\/p>\n<div>\n<figure class=\"post-image\">\n<\/figure>\n<p>            <span style=\"font-size: 12px\">Brendan McDermid\/Reuters\/VEJA)<\/span><\/p>\n<p>            <!-- end metas --><br \/>\n            <!-- ADS --><\/p>\n<div id=\"taboola-read-more\" style=\"display:block; width:100%\">\n<p>O governo do presidente Luiz In\u00e1cio Lula da Silva est\u00e1 com a falsa impress\u00e3o de que a economia do pa\u00eds est\u00e1 numa rota de estabilidade, como se tudo estivesse plenamente sob controle \u2014 um grave erro de an\u00e1lise. A avalia\u00e7\u00e3o \u00e9 do economista-chefe do Goldman Sachs para a Am\u00e9rica Latina,\u00a0<strong>Alberto Ramos<\/strong>. \u201cO grande equ\u00edvoco \u00e9 achar que esse equil\u00edbrio que a gente tem hoje, de crescimento a 3,5% com infla\u00e7\u00e3o de 4,7% ou 4,8% e mercado de trabalho robusto, \u00e9 est\u00e1vel. Entendo que \u00e9 altamente inst\u00e1vel\u201d, diz ao\u00a0<strong>Radar Econ\u00f4mico<\/strong>. Para Ramos, a consequ\u00eancia inevit\u00e1vel da atual conjuntura econ\u00f4mica \u00e9 um curto prazo com desacelera\u00e7\u00e3o da economia, como j\u00e1 previsto para 2025 por analistas do mercado, infla\u00e7\u00e3o crescente e c\u00e2mbio depreciado. O economista considera que o governo federal est\u00e1 for\u00e7ando os limites do crescimento da economia atrav\u00e9s de um \u201cativismo excessivo da pol\u00edtica fiscal\u201d, o que n\u00e3o pode acabar bem. \u201cSe voc\u00ea quer fazer uma viagem longa e r\u00e1pida, voc\u00ea n\u00e3o pode ir a 220 km\/h o tempo todo, porque o motor vai superaquecer e vai estourar\u201d. Hoje, o Banco Central corre atr\u00e1s do preju\u00edzo utilizando os juros para frear a sede de gastos do governo, mas para tornar a economia realmente est\u00e1vel, \u00e9 preciso ir \u00e0 origem do problema, as contas p\u00fablicas, avalia o economista.<\/p>\n<p>Fonte: Veja<\/p>\n<\/p><\/div>\n<p>                        <!-- Scripts para conteudo --><\/p>\n<p>            <!-- .\/Scripts para conteudo --><br \/>\n            <!-- .\/Mat\u00e9ria --><\/p>\n<div class=\"row mt-3\">\n<div class=\"col-sm-6\">\n                <!-- Whatsapp channel 3--><br \/>\n                <a href=\"https:\/\/chat.whatsapp.com\/B8Qy6Erx4kb6yTzj3kaDco\" target=\"_blank\"><br \/>\n                  <img decoding=\"async\" src=\"https:\/\/diariodobrasilnoticias.com.br\/assets-site\/images\/bot_whatsapp.png\"\/><\/a>\n              <\/div>\n<div class=\"col-sm-6\">\n                <a href=\"https:\/\/t.me\/+_4gTmi5LKo03OTM5\" target=\"_blank\"><br \/>\n                  <img decoding=\"async\" src=\"https:\/\/diariodobrasilnoticias.com.br\/assets-site\/images\/bot_telegram.png\"\/><\/a>\n              <\/div>\n<\/p><\/div>\n<p>            <!-- end post-navigation --><\/p>\n<p>              <!-- end row --><\/p>\n<p>              <!-- end col-12-->\n                      <\/div>\n<p><br \/>\n<br \/><a href=\"https:\/\/diariodobrasilnoticias.com.br\/noticia\/economista-diz-que-governo-se-ilude-com-falsa-estabilidade-67851903873f6\">Source link <\/a><\/p>","protected":false},"excerpt":{"rendered":"<p>Brendan McDermid\/Reuters\/VEJA) O governo do presidente Luiz In\u00e1cio Lula da Silva est\u00e1 com a falsa impress\u00e3o de que a economia do pa\u00eds est\u00e1 numa rota de estabilidade, como se tudo&hellip;<\/p>","protected":false},"author":1,"featured_media":91218,"comment_status":"closed","ping_status":"open","sticky":false,"template":"","format":"standard","meta":{"content-type":"","footnotes":""},"categories":[16],"tags":[123,2448,5313,1267],"class_list":["post-91217","post","type-post","status-publish","format-standard","has-post-thumbnail","hentry","category-noticias","tag-brasil","tag-diario","tag-noticia","tag-noticias"],"_links":{"self":[{"href":"https:\/\/tvbrazilusa.com\/pt\/wp-json\/wp\/v2\/posts\/91217","targetHints":{"allow":["GET"]}}],"collection":[{"href":"https:\/\/tvbrazilusa.com\/pt\/wp-json\/wp\/v2\/posts"}],"about":[{"href":"https:\/\/tvbrazilusa.com\/pt\/wp-json\/wp\/v2\/types\/post"}],"author":[{"embeddable":true,"href":"https:\/\/tvbrazilusa.com\/pt\/wp-json\/wp\/v2\/users\/1"}],"replies":[{"embeddable":true,"href":"https:\/\/tvbrazilusa.com\/pt\/wp-json\/wp\/v2\/comments?post=91217"}],"version-history":[{"count":1,"href":"https:\/\/tvbrazilusa.com\/pt\/wp-json\/wp\/v2\/posts\/91217\/revisions"}],"predecessor-version":[{"id":91219,"href":"https:\/\/tvbrazilusa.com\/pt\/wp-json\/wp\/v2\/posts\/91217\/revisions\/91219"}],"wp:featuredmedia":[{"embeddable":true,"href":"https:\/\/tvbrazilusa.com\/pt\/wp-json\/wp\/v2\/media\/91218"}],"wp:attachment":[{"href":"https:\/\/tvbrazilusa.com\/pt\/wp-json\/wp\/v2\/media?parent=91217"}],"wp:term":[{"taxonomy":"category","embeddable":true,"href":"https:\/\/tvbrazilusa.com\/pt\/wp-json\/wp\/v2\/categories?post=91217"},{"taxonomy":"post_tag","embeddable":true,"href":"https:\/\/tvbrazilusa.com\/pt\/wp-json\/wp\/v2\/tags?post=91217"}],"curies":[{"name":"wp","href":"https:\/\/api.w.org\/{rel}","templated":true}]}}