{"id":9131,"date":"2024-07-26T17:49:11","date_gmt":"2024-07-26T17:49:11","guid":{"rendered":"https:\/\/tvbrazilusa.com\/2024\/07\/26\/fiuk-gera-polemica-ao-surgir-vendado-e-amarrado-em-video\/"},"modified":"2024-07-26T17:55:33","modified_gmt":"2024-07-26T17:55:33","slug":"fiuk-gera-polemica-ao-surgir-vendado-e-amarrado-em-video","status":"publish","type":"post","link":"https:\/\/tvbrazilusa.com\/pt\/2024\/07\/26\/fiuk-gera-polemica-ao-surgir-vendado-e-amarrado-em-video\/","title":{"rendered":"Fiuk gera  pol\u00eamica ao surgir vendado e amarrado em v\u00eddeo"},"content":{"rendered":"<p> <script async src=\"https:\/\/pagead2.googlesyndication.com\/pagead\/js\/adsbygoogle.js?client=ca-pub-8864793242727901\"\r\n     crossorigin=\"anonymous\"><\/script><br \/>\n<\/p>\n<div>\n<p><em>Foto: Reprodu\u00e7\u00e3o\/Instagram<\/em><\/p>\n<p>Fiuk, filho do renomado cantor F\u00e1bio Jr., deixou os f\u00e3s boquiabertos nesta sexta-feira (26) ao compartilhar um v\u00eddeo inusitado em suas redes sociais. No registro, o influenciador aparece vendado e amorda\u00e7ado enquanto duas mulheres raspam seus cabelos com uma m\u00e1quina de barbear. O v\u00eddeo gerou grande repercuss\u00e3o e dividiu opini\u00f5es nas redes sociais, em um t\u00edpico trending topic.<\/p>\n<p>Nas redes sociais, Fiuk se limitou a dizer que havia perdido uma aposta, sem dar maiores detalhes sobre o ocorrido. Os admiradores do cantor e ator reagiram de maneira diversa ao novo visual. Enquanto alguns lamentaram a perda dos longos fios, outros destacaram que Fiuk continua bonito, mesmo com a cabe\u00e7a raspada.<\/p>\n<h2 class=\"wp-block-heading\">Fiuk Perde Aposta e Raspagem de Cabelo Viraliza nas Redes Sociais<\/h2>\n<p>Pela primeira vez, Fiuk publica um v\u00eddeo onde aparece em uma situa\u00e7\u00e3o totalmente inusitada: vendado e amorda\u00e7ado, tentando se desvencilhar das duas mulheres que raspavam seu cabelo. A rea\u00e7\u00e3o dos internautas foi r\u00e1pida e dividida. Alguns seguidores ficaram inconformados com a mudan\u00e7a radical, enquanto outros aproveitaram para enaltecer a beleza do artista.<\/p>\n<p>Emaili\u00e7a aos seguidores, Fiuk brincou sobre a aposta perdida, gerando ainda mais curiosidade e engajamento. Entre os coment\u00e1rios dos f\u00e3s, uma seguidora no Instagram comentou emocionada: \u201cN\u00e3o, meu lindo! Teu cabelo n\u00e3o!\u201d. J\u00e1 outra seguidora ressaltou: \u201cA vantagem de nascer lindo \u00e9 essa! At\u00e9 de cabe\u00e7a raspada n\u00e3o fica feio, n\u00e9?\u201d.<\/p>\n<h2 class=\"wp-block-heading\">Fiuk J\u00e1 Realizou Outras Mudan\u00e7as Radicais no Visual?<\/h2>\n<p>Apesar do alvoro\u00e7o, Fiuk n\u00e3o \u00e9 estranho a mudan\u00e7as radicais no visual. Ao longo de sua carreira, o artista se desfez dos fios longos em v\u00e1rias ocasi\u00f5es para se adequar a diferentes pap\u00e9is. Como protagonista de novelas e cantor, Fiuk sempre se reinventou. A adapta\u00e7\u00e3o ao seu hit \u201cQuero Toda Noite\u201d \u00e9 apenas uma das muitas facetas que ele apresentou.<\/p>\n<p>O apoio dos f\u00e3s, carinhosamente chamados de \u2018fiuketes\u2019, foi constante: \u201cO povo sofrendo que o Fiuk raspou o cabelo! Com um rostinho perfeito desse n\u00e3o tem corte que fique feio!\u201d, publicou uma seguidora fiel. Isso reflete uma admira\u00e7\u00e3o inabal\u00e1vel, independentemente das mudan\u00e7as est\u00e9ticas do \u00eddolo.<\/p>\n<h2 class=\"wp-block-heading\">O Que Carlinhos Maia Tem a Dizer Sobre a Pol\u00eamica?<\/h2>\n<p>Em meio \u00e0 repercuss\u00e3o do novo visual de Fiuk, uma pol\u00eamica envolvendo o artista e Deolane Bezerra ganhou destaque. A advogada acusou Fiuk de ass\u00e9dio sexual, alegando que o cantor tentou agarr\u00e1-la enquanto ela dormia. A not\u00edcia gerou muitas discuss\u00f5es online.<\/p>\n<p>Carlinhos Maia, amigo de ambos, optou por se pronunciar sobre o assunto de maneira apaziguadora. \u201cN\u00e3o vou me meter nisso porque s\u00e3o dois adultos, desejo luz e paz e estou aqui para o que precisarem de mim, t\u00e1 bom? J\u00e1 brigaram, eu tenho que me meter em tudo sempre s\u00f3 porque eu gravo?\u201d, afirmou o influenciador em suas redes sociais.<\/p>\n<h3 class=\"wp-block-heading\">Rea\u00e7\u00f5es dos F\u00e3s e Comunidade Online<\/h3>\n<p>A situa\u00e7\u00e3o gerou discuss\u00f5es fervorosas entre os internautas. Algumas pessoas defenderam Fiuk, alegando que ele sempre demonstrou respeito pelas mulheres, enquanto outras se mostraram solid\u00e1rias a Deolane, enfatizando a import\u00e2ncia de se ouvir e respeitar as alega\u00e7\u00f5es de ass\u00e9dio.<\/p>\n<p>\u00a0<\/p>\n<p>Fiuk, conhecido por sua versatilidade e coragem de se reinventar, continua a surpreender e gerar conversa. Seja pela sua apar\u00eancia ou pelas pol\u00eamicas nas quais se envolve, o artista mant\u00e9m sua relev\u00e2ncia e continua a ser um dos nomes mais comentados nas redes sociais.<\/p>\n<\/p><\/div>\n<p><br \/>\n<br \/><a href=\"https:\/\/terrabrasilnoticias.com\/2024\/07\/fiuk-gera-polemica-ao-surgir-vendado-e-amarrado-em-video\/\">Source link <\/a><\/p>","protected":false},"excerpt":{"rendered":"<p>Foto: Reprodu\u00e7\u00e3o\/Instagram Fiuk, filho do renomado cantor F\u00e1bio Jr., deixou os f\u00e3s boquiabertos nesta sexta-feira (26) ao compartilhar um v\u00eddeo inusitado em suas redes sociais. No registro, o influenciador aparece&hellip;<\/p>","protected":false},"author":1,"featured_media":9132,"comment_status":"closed","ping_status":"open","sticky":false,"template":"","format":"standard","meta":{"content-type":"","footnotes":""},"categories":[16],"tags":[],"class_list":["post-9131","post","type-post","status-publish","format-standard","has-post-thumbnail","hentry","category-noticias"],"_links":{"self":[{"href":"https:\/\/tvbrazilusa.com\/pt\/wp-json\/wp\/v2\/posts\/9131","targetHints":{"allow":["GET"]}}],"collection":[{"href":"https:\/\/tvbrazilusa.com\/pt\/wp-json\/wp\/v2\/posts"}],"about":[{"href":"https:\/\/tvbrazilusa.com\/pt\/wp-json\/wp\/v2\/types\/post"}],"author":[{"embeddable":true,"href":"https:\/\/tvbrazilusa.com\/pt\/wp-json\/wp\/v2\/users\/1"}],"replies":[{"embeddable":true,"href":"https:\/\/tvbrazilusa.com\/pt\/wp-json\/wp\/v2\/comments?post=9131"}],"version-history":[{"count":1,"href":"https:\/\/tvbrazilusa.com\/pt\/wp-json\/wp\/v2\/posts\/9131\/revisions"}],"predecessor-version":[{"id":9133,"href":"https:\/\/tvbrazilusa.com\/pt\/wp-json\/wp\/v2\/posts\/9131\/revisions\/9133"}],"wp:featuredmedia":[{"embeddable":true,"href":"https:\/\/tvbrazilusa.com\/pt\/wp-json\/wp\/v2\/media\/9132"}],"wp:attachment":[{"href":"https:\/\/tvbrazilusa.com\/pt\/wp-json\/wp\/v2\/media?parent=9131"}],"wp:term":[{"taxonomy":"category","embeddable":true,"href":"https:\/\/tvbrazilusa.com\/pt\/wp-json\/wp\/v2\/categories?post=9131"},{"taxonomy":"post_tag","embeddable":true,"href":"https:\/\/tvbrazilusa.com\/pt\/wp-json\/wp\/v2\/tags?post=9131"}],"curies":[{"name":"wp","href":"https:\/\/api.w.org\/{rel}","templated":true}]}}