{"id":91354,"date":"2025-01-13T20:37:20","date_gmt":"2025-01-13T20:37:20","guid":{"rendered":"https:\/\/tvbrazilusa.com\/2025\/01\/13\/tesla-ultrapassa-a-audi-em-vendas-globais\/"},"modified":"2025-01-13T20:37:22","modified_gmt":"2025-01-13T20:37:22","slug":"tesla-ultrapassa-a-audi-em-vendas-globais","status":"publish","type":"post","link":"https:\/\/tvbrazilusa.com\/pt\/2025\/01\/13\/tesla-ultrapassa-a-audi-em-vendas-globais\/","title":{"rendered":"Tesla ultrapassa a Audi em vendas globais."},"content":{"rendered":"<p> <script async src=\"https:\/\/pagead2.googlesyndication.com\/pagead\/js\/adsbygoogle.js?client=ca-pub-8864793242727901\"\r\n     crossorigin=\"anonymous\"><\/script><br \/>\n<\/p>\n<div>\n<figure class=\"post-image\">\n<\/figure>\n<p>            <span style=\"font-size: 12px\"> Foto: Reprodu\u00e7\u00e3o\/Tesla<\/span><\/p>\n<p>            <!-- end metas --><br \/>\n            <!-- ADS --><\/p>\n<div id=\"taboola-read-more\" style=\"display:block; width:100%\">\n<p>A Tesla entregou 1,8 milh\u00e3o de ve\u00edculos em 2024. O resultado supera as vendas globais da Audi no mesmo per\u00edodo.\n<\/p>\n<p>Liderada por Elon Musk, a Tesla publicou seu volume de vendas de ve\u00edculos no come\u00e7o de janeiro. Apesar de superar a tradicional fabricante alem\u00e3 de ve\u00edculos premium, a montadora de carros el\u00e9tricos reduziu a produ\u00e7\u00e3o em 2024. O mesmo aconteceu com a Audi.<\/p>\n<p>A produ\u00e7\u00e3o da Audi fechou o ano com a entrega de 1,7 milh\u00e3o de unidades. De acordo com a Bloomberg, trata-se de uma queda de 12% em rela\u00e7\u00e3o ao ano anterior. Ao mesmo tempo, a redu\u00e7\u00e3o das vendas da montadora de Elon Musk foi de cerca de 3% \u2014 ou seja, quatro vezes menor, proporcionalmente.\n<\/p>\n<p>Onde a Tesla fabrica seus ve\u00edculos?<br \/>A montadora de ve\u00edculos el\u00e9tricos de Elon Musk tem f\u00e1bricas em tr\u00eas pa\u00edses: Estados Unidos (sede da companhia), China e Alemanha. Chineses e norte-americanos rivalizam pelo primeiro lugar em produ\u00e7\u00e3o da companhia.\n<\/p>\n<p>De acordo com os relat\u00f3rios da empresa, o grupo tem capacidade instalada para produzir pouco mais de 1 milh\u00e3o de carros por ano, entre os modelos S, X e a picape Cybertruck. Ao mesmo tempo, a capacidade de produ\u00e7\u00e3o chinesa \u00e9 de quase 1 milh\u00e3o de unidades. Os alem\u00e3es aparecem em terceiro lugar no ranking de produ\u00e7\u00e3o da Tesla, com pouco menos de 400 mil ve\u00edculos por ano.\n<\/p>\n<p>Fonte: Revista Oeste              <\/p>\n<\/div>\n<p>                        <!-- Scripts para conteudo --><\/p>\n<p>            <!-- .\/Scripts para conteudo --><br \/>\n            <!-- .\/Mat\u00e9ria --><\/p>\n<div class=\"row mt-3\">\n<div class=\"col-sm-6\">\n                <!-- Whatsapp channel 3--><br \/>\n                <a href=\"https:\/\/chat.whatsapp.com\/B8Qy6Erx4kb6yTzj3kaDco\" target=\"_blank\"><br \/>\n                  <img decoding=\"async\" src=\"https:\/\/diariodobrasilnoticias.com.br\/assets-site\/images\/bot_whatsapp.png\"\/><\/a>\n              <\/div>\n<div class=\"col-sm-6\">\n                <a href=\"https:\/\/t.me\/+_4gTmi5LKo03OTM5\" target=\"_blank\"><br \/>\n                  <img decoding=\"async\" src=\"https:\/\/diariodobrasilnoticias.com.br\/assets-site\/images\/bot_telegram.png\"\/><\/a>\n              <\/div>\n<\/p><\/div>\n<p>            <!-- end post-navigation --><\/p>\n<p>              <!-- end row --><\/p>\n<p>              <!-- end col-12-->\n                      <\/div>\n<p><br \/>\n<br \/><a href=\"https:\/\/diariodobrasilnoticias.com.br\/noticia\/tesla-ultrapassa-a-audi-em-vendas-globais-67855ce778048\">Source link <\/a><\/p>","protected":false},"excerpt":{"rendered":"<p>Foto: Reprodu\u00e7\u00e3o\/Tesla A Tesla entregou 1,8 milh\u00e3o de ve\u00edculos em 2024. O resultado supera as vendas globais da Audi no mesmo per\u00edodo. Liderada por Elon Musk, a Tesla publicou seu&hellip;<\/p>","protected":false},"author":1,"featured_media":91355,"comment_status":"closed","ping_status":"open","sticky":false,"template":"","format":"standard","meta":{"content-type":"","footnotes":""},"categories":[16],"tags":[123,2448,5313,1267],"class_list":["post-91354","post","type-post","status-publish","format-standard","has-post-thumbnail","hentry","category-noticias","tag-brasil","tag-diario","tag-noticia","tag-noticias"],"_links":{"self":[{"href":"https:\/\/tvbrazilusa.com\/pt\/wp-json\/wp\/v2\/posts\/91354","targetHints":{"allow":["GET"]}}],"collection":[{"href":"https:\/\/tvbrazilusa.com\/pt\/wp-json\/wp\/v2\/posts"}],"about":[{"href":"https:\/\/tvbrazilusa.com\/pt\/wp-json\/wp\/v2\/types\/post"}],"author":[{"embeddable":true,"href":"https:\/\/tvbrazilusa.com\/pt\/wp-json\/wp\/v2\/users\/1"}],"replies":[{"embeddable":true,"href":"https:\/\/tvbrazilusa.com\/pt\/wp-json\/wp\/v2\/comments?post=91354"}],"version-history":[{"count":1,"href":"https:\/\/tvbrazilusa.com\/pt\/wp-json\/wp\/v2\/posts\/91354\/revisions"}],"predecessor-version":[{"id":91356,"href":"https:\/\/tvbrazilusa.com\/pt\/wp-json\/wp\/v2\/posts\/91354\/revisions\/91356"}],"wp:featuredmedia":[{"embeddable":true,"href":"https:\/\/tvbrazilusa.com\/pt\/wp-json\/wp\/v2\/media\/91355"}],"wp:attachment":[{"href":"https:\/\/tvbrazilusa.com\/pt\/wp-json\/wp\/v2\/media?parent=91354"}],"wp:term":[{"taxonomy":"category","embeddable":true,"href":"https:\/\/tvbrazilusa.com\/pt\/wp-json\/wp\/v2\/categories?post=91354"},{"taxonomy":"post_tag","embeddable":true,"href":"https:\/\/tvbrazilusa.com\/pt\/wp-json\/wp\/v2\/tags?post=91354"}],"curies":[{"name":"wp","href":"https:\/\/api.w.org\/{rel}","templated":true}]}}