{"id":91362,"date":"2025-01-13T20:49:18","date_gmt":"2025-01-13T20:49:18","guid":{"rendered":"https:\/\/tvbrazilusa.com\/2025\/01\/13\/fortuna-de-silvio-santos-e-revelada-pelas-suas-herdeiras\/"},"modified":"2025-01-13T20:49:20","modified_gmt":"2025-01-13T20:49:20","slug":"fortuna-de-silvio-santos-e-revelada-pelas-suas-herdeiras","status":"publish","type":"post","link":"https:\/\/tvbrazilusa.com\/pt\/2025\/01\/13\/fortuna-de-silvio-santos-e-revelada-pelas-suas-herdeiras\/","title":{"rendered":"Fortuna de Silvio Santos \u00e9 revelada pelas suas herdeiras"},"content":{"rendered":"<p> <script async src=\"https:\/\/pagead2.googlesyndication.com\/pagead\/js\/adsbygoogle.js?client=ca-pub-8864793242727901\"\r\n     crossorigin=\"anonymous\"><\/script><br \/>\n<\/p>\n<div id=\"taboola-read-more\" style=\"display:block; width:100%\">\n<p>As herdeiras de Silvio Santos revelaram em a\u00e7\u00e3o na Justi\u00e7a contra o governo de S\u00e3o Paulo que o valor da fortuna deixada pelo empres\u00e1rio e apresentador \u00e9 de R$ 6,4 bilh\u00f5es. A reportagem \u00e9 do portal f5.\n<\/p>\n<p>O motivo do processo foi o pagamento de um imposto de R$ 17 milh\u00f5es, cobrado para a libera\u00e7\u00e3o de R$ 429 milh\u00f5es de Silvio Santos, que est\u00e3o em uma conta no exterior. A Justi\u00e7a paulista concedeu liminar at\u00e9 uma decis\u00e3o final ser tomada.<\/p>\n<p>A heran\u00e7a de Silvio Santos \u00e9 reivindicada pela vi\u00fava do apresentador, Iris Abravanel, e pelas filhas dele \u2014 Patr\u00edcia Abravanel, Rebeca Abravanel, Cintia Abravanel, Silvia Abravanel, Daniela Beyruti e Renata Abravanel.\n<\/p>\n<p>Segundo o documento da fam\u00edlia, o valor do invent\u00e1rio se concentra em seis holdings: SS Participa\u00e7\u00f5es (R$ 5,5 bilh\u00f5es), Sisan Participa\u00e7\u00f5es (R$ 868 milh\u00f5es), Sisan Empreendimentos (2,6 milh\u00f5es), Hemusa Participa\u00e7\u00f5es (R$ 1,8 milh\u00e3o), Hemusa Empreendimentos (R$ 464 mil) e a DPR (R$ 10,7 milh\u00f5es).\n<\/p>\n<p>O valor soma tamb\u00e9m o dinheiro que est\u00e1 fora do Brasil. Segundo o portal f5, somente de patrim\u00f4nios declarados em juntas comerciais, o apresentador tinha pelo menos R$ 3,9 bilh\u00f5es em bens, im\u00f3veis e valor de mercado de empresas.\n<\/p>\n<p>Justi\u00e7a quer concilia\u00e7\u00e3o com fam\u00edlia de Silvio Santos<br \/>A Justi\u00e7a de S\u00e3o Paulo quer marcar uma audi\u00eancia de concilia\u00e7\u00e3o, para saber se \u00e9 poss\u00edvel um acordo entre as partes que finalize as duas a\u00e7\u00f5es. Ainda n\u00e3o h\u00e1 uma data definida.\n<\/p>\n<p>Procurado pelo f5, o escrit\u00f3rio que representa a fam\u00edlia Abravanel na a\u00e7\u00e3o n\u00e3o retornou.\n<\/p>\n<p>Fonte: Revista Oeste              <\/p>\n<\/div>\n<p><br \/>\n<br \/><a href=\"https:\/\/diariodobrasilnoticias.com.br\/noticia\/fortuna-de-silvio-santos-e-revelada-pelas-suas-herdeiras-67855d611f7d9\">Source link <\/a><\/p>","protected":false},"excerpt":{"rendered":"<p>As herdeiras de Silvio Santos revelaram em a\u00e7\u00e3o na Justi\u00e7a contra o governo de S\u00e3o Paulo que o valor da fortuna deixada pelo empres\u00e1rio e apresentador \u00e9 de R$ 6,4&hellip;<\/p>","protected":false},"author":1,"featured_media":91363,"comment_status":"closed","ping_status":"open","sticky":false,"template":"","format":"standard","meta":{"content-type":"","footnotes":""},"categories":[16],"tags":[123,2448,5313,1267],"class_list":["post-91362","post","type-post","status-publish","format-standard","has-post-thumbnail","hentry","category-noticias","tag-brasil","tag-diario","tag-noticia","tag-noticias"],"_links":{"self":[{"href":"https:\/\/tvbrazilusa.com\/pt\/wp-json\/wp\/v2\/posts\/91362","targetHints":{"allow":["GET"]}}],"collection":[{"href":"https:\/\/tvbrazilusa.com\/pt\/wp-json\/wp\/v2\/posts"}],"about":[{"href":"https:\/\/tvbrazilusa.com\/pt\/wp-json\/wp\/v2\/types\/post"}],"author":[{"embeddable":true,"href":"https:\/\/tvbrazilusa.com\/pt\/wp-json\/wp\/v2\/users\/1"}],"replies":[{"embeddable":true,"href":"https:\/\/tvbrazilusa.com\/pt\/wp-json\/wp\/v2\/comments?post=91362"}],"version-history":[{"count":1,"href":"https:\/\/tvbrazilusa.com\/pt\/wp-json\/wp\/v2\/posts\/91362\/revisions"}],"predecessor-version":[{"id":91364,"href":"https:\/\/tvbrazilusa.com\/pt\/wp-json\/wp\/v2\/posts\/91362\/revisions\/91364"}],"wp:featuredmedia":[{"embeddable":true,"href":"https:\/\/tvbrazilusa.com\/pt\/wp-json\/wp\/v2\/media\/91363"}],"wp:attachment":[{"href":"https:\/\/tvbrazilusa.com\/pt\/wp-json\/wp\/v2\/media?parent=91362"}],"wp:term":[{"taxonomy":"category","embeddable":true,"href":"https:\/\/tvbrazilusa.com\/pt\/wp-json\/wp\/v2\/categories?post=91362"},{"taxonomy":"post_tag","embeddable":true,"href":"https:\/\/tvbrazilusa.com\/pt\/wp-json\/wp\/v2\/tags?post=91362"}],"curies":[{"name":"wp","href":"https:\/\/api.w.org\/{rel}","templated":true}]}}