{"id":91376,"date":"2025-01-13T21:07:21","date_gmt":"2025-01-13T21:07:21","guid":{"rendered":"https:\/\/tvbrazilusa.com\/2025\/01\/13\/enem-registra-o-menor-numero-de-alunos-com-nota-maxima-na-redacao-em-uma-decada\/"},"modified":"2025-01-13T21:07:22","modified_gmt":"2025-01-13T21:07:22","slug":"enem-registra-o-menor-numero-de-alunos-com-nota-maxima-na-redacao-em-uma-decada","status":"publish","type":"post","link":"https:\/\/tvbrazilusa.com\/pt\/2025\/01\/13\/enem-registra-o-menor-numero-de-alunos-com-nota-maxima-na-redacao-em-uma-decada\/","title":{"rendered":"Enem registra o menor n\u00famero de alunos com nota m\u00e1xima na reda\u00e7\u00e3o em uma d\u00e9cada"},"content":{"rendered":"<p> <script async src=\"https:\/\/pagead2.googlesyndication.com\/pagead\/js\/adsbygoogle.js?client=ca-pub-8864793242727901\"\r\n     crossorigin=\"anonymous\"><\/script><br \/>\n<\/p>\n<div id=\"taboola-read-more\" style=\"display:block; width:100%\">\n<p>O Exame Nacional do Ensino M\u00e9dio (Enem) de 2024 teve o menor n\u00famero de reda\u00e7\u00f5es que atingiram a nota m\u00e1xima em dez anos. Conforme informa\u00e7\u00f5es divulgadas, nesta segunda-feira, 13, pelo Minist\u00e9rio da Educa\u00e7\u00e3o, apenas 12 alunos conseguiram conquistar a pontua\u00e7\u00e3o mil na reda\u00e7\u00e3o.\n<\/p>\n<p>Antes, o menor n\u00famero registrado tinha sido em 2022, quando 18 alunos tiveram a nota m\u00e1xima, depois da pandemia. O Enem \u00e9 uma das principais portas de entrada para universidades p\u00fablicas no Brasil, especialmente nas federais. O exame \u00e9 composto de 180 quest\u00f5es de m\u00faltipla escolha e uma reda\u00e7\u00e3o. A aplica\u00e7\u00e3o da prova \u00e9 dividida em dois domingos seguidos.<\/p>\n<p>Os estudantes que alcan\u00e7aram a nota m\u00e1xima est\u00e3o distribu\u00eddos entre diversos Estados brasileiros:\n<\/p>\n<ul>\n<li>Alagoas;<\/li>\n<li>Cear\u00e1;<\/li>\n<li>Distrito Federal;<\/li>\n<li>Goi\u00e1s;<\/li>\n<li>Maranh\u00e3o;<\/li>\n<li>Pernambuco;<\/li>\n<li>Rio Grande do Norte;<\/li>\n<li>S\u00e3o Paulo;<\/li>\n<li>Rio de Janeiro; e<\/li>\n<li>Minas Gerais.<\/li>\n<\/ul>\n<p>Apenas Minas Gerais e Rio de Janeiro tiveram mais de um aluno com reda\u00e7\u00e3o nota mil, enquanto os demais Estados contaram com apenas um estudante cada um.\n<\/p>\n<p><strong>Alunos de escolas p\u00fablicas t\u00eam menor desempenho no Enem<\/strong><br \/>Entre as escolas p\u00fablicas, apenas uma reda\u00e7\u00e3o atingiu a nota m\u00e1xima. A maioria dos alunos com notas altas pertence a institui\u00e7\u00f5es privadas. O tema proposto para a reda\u00e7\u00e3o do exame foi \u201cDesafios para a valoriza\u00e7\u00e3o da heran\u00e7a africana no Brasil\u201d.\n<\/p>\n<p>A m\u00e9dia de profici\u00eancia das reda\u00e7\u00f5es foi de 660 pontos, um aumento de 15 pontos em rela\u00e7\u00e3o \u00e0 edi\u00e7\u00e3o de 2023.\n<\/p>\n<p>Al\u00e9m dos resultados, a edi\u00e7\u00e3o de 2024 do Enem registrou uma redu\u00e7\u00e3o na taxa de absten\u00e7\u00e3o. O n\u00famero caiu de 28,1% em 2023 para 26,5%. Este dado leva em conta mais de 4,3 milh\u00f5es de inscri\u00e7\u00f5es confirmadas para o exame, realizado em 3 e 10 de novembro.              <\/p>\n<\/div>\n<p><br \/>\n<br \/><a href=\"https:\/\/diariodobrasilnoticias.com.br\/noticia\/enem-registra-o-menor-numero-de-alunos-com-nota-maxima-na-redacao-em-uma-decada-67855dd97f2e8\">Source link <\/a><\/p>","protected":false},"excerpt":{"rendered":"<p>O Exame Nacional do Ensino M\u00e9dio (Enem) de 2024 teve o menor n\u00famero de reda\u00e7\u00f5es que atingiram a nota m\u00e1xima em dez anos. Conforme informa\u00e7\u00f5es divulgadas, nesta segunda-feira, 13, pelo&hellip;<\/p>","protected":false},"author":1,"featured_media":91377,"comment_status":"closed","ping_status":"open","sticky":false,"template":"","format":"standard","meta":{"content-type":"","footnotes":""},"categories":[16],"tags":[123,2448,5313,1267],"class_list":["post-91376","post","type-post","status-publish","format-standard","has-post-thumbnail","hentry","category-noticias","tag-brasil","tag-diario","tag-noticia","tag-noticias"],"_links":{"self":[{"href":"https:\/\/tvbrazilusa.com\/pt\/wp-json\/wp\/v2\/posts\/91376","targetHints":{"allow":["GET"]}}],"collection":[{"href":"https:\/\/tvbrazilusa.com\/pt\/wp-json\/wp\/v2\/posts"}],"about":[{"href":"https:\/\/tvbrazilusa.com\/pt\/wp-json\/wp\/v2\/types\/post"}],"author":[{"embeddable":true,"href":"https:\/\/tvbrazilusa.com\/pt\/wp-json\/wp\/v2\/users\/1"}],"replies":[{"embeddable":true,"href":"https:\/\/tvbrazilusa.com\/pt\/wp-json\/wp\/v2\/comments?post=91376"}],"version-history":[{"count":1,"href":"https:\/\/tvbrazilusa.com\/pt\/wp-json\/wp\/v2\/posts\/91376\/revisions"}],"predecessor-version":[{"id":91378,"href":"https:\/\/tvbrazilusa.com\/pt\/wp-json\/wp\/v2\/posts\/91376\/revisions\/91378"}],"wp:featuredmedia":[{"embeddable":true,"href":"https:\/\/tvbrazilusa.com\/pt\/wp-json\/wp\/v2\/media\/91377"}],"wp:attachment":[{"href":"https:\/\/tvbrazilusa.com\/pt\/wp-json\/wp\/v2\/media?parent=91376"}],"wp:term":[{"taxonomy":"category","embeddable":true,"href":"https:\/\/tvbrazilusa.com\/pt\/wp-json\/wp\/v2\/categories?post=91376"},{"taxonomy":"post_tag","embeddable":true,"href":"https:\/\/tvbrazilusa.com\/pt\/wp-json\/wp\/v2\/tags?post=91376"}],"curies":[{"name":"wp","href":"https:\/\/api.w.org\/{rel}","templated":true}]}}