{"id":91381,"date":"2025-01-13T21:20:05","date_gmt":"2025-01-13T21:20:05","guid":{"rendered":"https:\/\/tvbrazilusa.com\/2025\/01\/13\/deputados-terao-permissao-para-usar-a-cota-em-despesas-de-mala-e-wi-fi-durante-voos\/"},"modified":"2025-01-13T21:20:07","modified_gmt":"2025-01-13T21:20:07","slug":"deputados-terao-permissao-para-usar-a-cota-em-despesas-de-mala-e-wi-fi-durante-voos","status":"publish","type":"post","link":"https:\/\/tvbrazilusa.com\/pt\/2025\/01\/13\/deputados-terao-permissao-para-usar-a-cota-em-despesas-de-mala-e-wi-fi-durante-voos\/","title":{"rendered":"Deputados ter\u00e3o permiss\u00e3o para usar a cota em despesas de mala e wi-fi durante voos"},"content":{"rendered":"<p> <script async src=\"https:\/\/pagead2.googlesyndication.com\/pagead\/js\/adsbygoogle.js?client=ca-pub-8864793242727901\"\r\n     crossorigin=\"anonymous\"><\/script><br \/>\n<\/p>\n<div>\n<figure class=\"post-image\">\n<\/figure>\n<p>            <span style=\"font-size: 12px\">M\u00e1rio Agra \/ C\u00e2mara dos Deputados<\/span><\/p>\n<p>            <!-- end metas --><br \/>\n            <!-- ADS --><\/p>\n<div id=\"taboola-read-more\" style=\"display:block; width:100%\">\n<p>A C\u00e2mara dos Deputados autorizou que parlamentares paguem o despacho de bagagens em avi\u00f5es e o uso de internet em voos e aeroportos com dinheiro p\u00fablico. Os recursos vir\u00e3o da cota parlamentar.\n<\/p>\n<p>O que aconteceu?<br \/>A C\u00e2mara ampliou para os deputados os benef\u00edcios pagos com dinheiro p\u00fablico;<br \/>Desde 19 de dezembro parlamentares podem pagar o despacho de bagagens em avi\u00f5es e o uso de internet em voos e aeroportos com a cota parlamentar;<br \/>A medida se d\u00e1 \u00e0s v\u00e9speras da elei\u00e7\u00e3o para a troca do presidente da C\u00e2mara e da Mesa Diretora, que ocorre em 1\u00ba de fevereiro.<br \/>O decis\u00e3o da Mesa Diretora de ampliar os benef\u00edcios foi tomada em dezembro na v\u00e9spera do recesso parlamentar e est\u00e1 valendo desde ent\u00e3o. A publica\u00e7\u00e3o da ata, no entanto, foi inserido como uma \u201cretifica\u00e7\u00e3o\u201d do Di\u00e1rio da C\u00e2mara do dia 19 de dezembro.<\/p>\n<p>A a\u00e7\u00e3o se deu nas v\u00e9speras da elei\u00e7\u00e3o para o novo presidente da C\u00e2mara e a nova Mesa Diretora. O pleito est\u00e1 marcado para 1\u00ba de fevereiro.\n<\/p>\n<p>A cota parlamentar \u00e9 um direito de todo deputado. O benef\u00edcio \u00e9 mensal e serve para os congressistas pagarem despesas relacionadas ao exerc\u00edcio do mandato.\n<\/p>\n<p>Na pr\u00e1tica, o que passa a valer que o despacho da bagagem dos deputados e uso de wi-fi pago em avi\u00f5es e aeroportos passam a ser custeados por verba da C\u00e2mara. Caso o parlamentar pague do pr\u00f3prio bolso, ele pode depois pedir o reembolso.\n<\/p>\n<p>Eis algumas categorias que podem ser pagas com a cota parlamentar:\n<\/p>\n<p>Passagens a\u00e9reas (que agora incluem bagagem despachada e wi-fi do avi\u00e3o);<br \/>Combust\u00edvel;<br \/>Alimenta\u00e7\u00e3o;<br \/>Hospedagem.<br \/>Em 2024 foram R$ 224 milh\u00f5es gastos com a cota<br \/>Dados da pr\u00f3pria C\u00e2mara revelam que foram usados R$ 227,6 milh\u00f5es em 2024 para pagar os benef\u00edcios da cota parlamentar. Do montante total, R$ 33,6 milh\u00f5es foram usados na categoria de passagens a\u00e9reas.\n<\/p>\n<p>Fonte: Metr\u00f3poles              <\/p>\n<\/div>\n<p>                        <!-- Scripts para conteudo --><\/p>\n<p>            <!-- .\/Scripts para conteudo --><br \/>\n            <!-- .\/Mat\u00e9ria --><\/p>\n<div class=\"row mt-3\">\n<div class=\"col-sm-6\">\n                <!-- Whatsapp channel 3--><br \/>\n                <a href=\"https:\/\/chat.whatsapp.com\/B8Qy6Erx4kb6yTzj3kaDco\" target=\"_blank\"><br \/>\n                  <img decoding=\"async\" src=\"https:\/\/diariodobrasilnoticias.com.br\/assets-site\/images\/bot_whatsapp.png\"\/><\/a>\n              <\/div>\n<div class=\"col-sm-6\">\n                <a href=\"https:\/\/t.me\/+_4gTmi5LKo03OTM5\" target=\"_blank\"><br \/>\n                  <img decoding=\"async\" src=\"https:\/\/diariodobrasilnoticias.com.br\/assets-site\/images\/bot_telegram.png\"\/><\/a>\n              <\/div>\n<\/p><\/div>\n<p>            <!-- end post-navigation --><\/p>\n<p>              <!-- end row --><\/p>\n<p>              <!-- end col-12-->\n                      <\/div>\n<p><br \/>\n<br \/><a href=\"https:\/\/diariodobrasilnoticias.com.br\/noticia\/deputados-terao-permissao-para-usar-a-cota-em-despesas-de-mala-e-wi-fi-durante-voos-67856514d445e\">Source link <\/a><\/p>","protected":false},"excerpt":{"rendered":"<p>M\u00e1rio Agra \/ C\u00e2mara dos Deputados A C\u00e2mara dos Deputados autorizou que parlamentares paguem o despacho de bagagens em avi\u00f5es e o uso de internet em voos e aeroportos com&hellip;<\/p>","protected":false},"author":1,"featured_media":91382,"comment_status":"closed","ping_status":"open","sticky":false,"template":"","format":"standard","meta":{"content-type":"","footnotes":""},"categories":[16],"tags":[123,2448,5313,1267],"class_list":["post-91381","post","type-post","status-publish","format-standard","has-post-thumbnail","hentry","category-noticias","tag-brasil","tag-diario","tag-noticia","tag-noticias"],"_links":{"self":[{"href":"https:\/\/tvbrazilusa.com\/pt\/wp-json\/wp\/v2\/posts\/91381","targetHints":{"allow":["GET"]}}],"collection":[{"href":"https:\/\/tvbrazilusa.com\/pt\/wp-json\/wp\/v2\/posts"}],"about":[{"href":"https:\/\/tvbrazilusa.com\/pt\/wp-json\/wp\/v2\/types\/post"}],"author":[{"embeddable":true,"href":"https:\/\/tvbrazilusa.com\/pt\/wp-json\/wp\/v2\/users\/1"}],"replies":[{"embeddable":true,"href":"https:\/\/tvbrazilusa.com\/pt\/wp-json\/wp\/v2\/comments?post=91381"}],"version-history":[{"count":1,"href":"https:\/\/tvbrazilusa.com\/pt\/wp-json\/wp\/v2\/posts\/91381\/revisions"}],"predecessor-version":[{"id":91383,"href":"https:\/\/tvbrazilusa.com\/pt\/wp-json\/wp\/v2\/posts\/91381\/revisions\/91383"}],"wp:featuredmedia":[{"embeddable":true,"href":"https:\/\/tvbrazilusa.com\/pt\/wp-json\/wp\/v2\/media\/91382"}],"wp:attachment":[{"href":"https:\/\/tvbrazilusa.com\/pt\/wp-json\/wp\/v2\/media?parent=91381"}],"wp:term":[{"taxonomy":"category","embeddable":true,"href":"https:\/\/tvbrazilusa.com\/pt\/wp-json\/wp\/v2\/categories?post=91381"},{"taxonomy":"post_tag","embeddable":true,"href":"https:\/\/tvbrazilusa.com\/pt\/wp-json\/wp\/v2\/tags?post=91381"}],"curies":[{"name":"wp","href":"https:\/\/api.w.org\/{rel}","templated":true}]}}