{"id":91386,"date":"2025-01-13T21:32:09","date_gmt":"2025-01-13T21:32:09","guid":{"rendered":"https:\/\/tvbrazilusa.com\/2025\/01\/13\/cuca-apresentado-no-atletico-mg-fala-sobre-as-acusacoes-de-estupro\/"},"modified":"2025-01-13T21:32:10","modified_gmt":"2025-01-13T21:32:10","slug":"cuca-apresentado-no-atletico-mg-fala-sobre-as-acusacoes-de-estupro","status":"publish","type":"post","link":"https:\/\/tvbrazilusa.com\/pt\/2025\/01\/13\/cuca-apresentado-no-atletico-mg-fala-sobre-as-acusacoes-de-estupro\/","title":{"rendered":"Cuca, apresentado no Atl\u00e9tico-MG, fala sobre as acusa\u00e7\u00f5es de estupro"},"content":{"rendered":"<p> <script async src=\"https:\/\/pagead2.googlesyndication.com\/pagead\/js\/adsbygoogle.js?client=ca-pub-8864793242727901\"\r\n     crossorigin=\"anonymous\"><\/script><br \/>\n<\/p>\n<div id=\"taboola-read-more\" style=\"display:block; width:100%\">\n<p>O Atl\u00e9tico-MG apresentou o t\u00e9cnico Cuca na manh\u00e3 desta segunda-feira (13\/1) na Cidade do Galo. Em seu retorno ao clube, o treinador comentou sobre um estupro ocorrido em Berna, na Su\u00ed\u00e7a, e que tem o nome seu envolvido no centro de uma pol\u00eamica. O caso ocorreu em 1987, durante uma excurs\u00e3o do Gr\u00eamio pela Europa.\n<\/p>\n<p>O que aconteceu <br \/>Em 1987, quando era jogador do Gr\u00eamio, Cuca e outros tr\u00eas atletas foram detidos com a alega\u00e7\u00e3o de terem tido rela\u00e7\u00f5es sexuais com uma garota de 13 anos, sem consentimento.<br \/>Em 1989 o atual treinador do Galo foi condenado a 15 meses de pris\u00e3o pelos crimes de coa\u00e7\u00e3o e ato sexual com menor.<br \/>Em 2024, Cuca teve a condena\u00e7\u00e3o anulada na Su\u00ed\u00e7a.<br \/>A anula\u00e7\u00e3o aconteceu ap\u00f3s o Minist\u00e9rio P\u00fablico alegar a prescri\u00e7\u00e3o do crime.<br \/>Os advogados de defesa entenderam que o julgamento de 1989 se deu \u00e0 revelia, sem r\u00e9u presente para se defender.<br \/>\u201cDemorei muito tempo para falar daquele tema, e hoje eu abro falando dele. Eu demorei a ver meus defeitos. Eu tentava falar do Cuca, e a sociedade queria saber da causa, do que eu, como homem, podia fazer.\u201d, iniciou Cuca durante apresenta\u00e7\u00e3o no novo clube.<\/p>\n<p>\u201cTenho trabalhado incessantemente para ser uma pessoa melhor, entender o tema, n\u00e3o s\u00f3 pelo Cuca, pelas minhas filhas, minha m\u00e3e, mas pelo respeito que as mulheres merecem. Estou aliado a isso. Tenho participado de palestras, onde conseguimos reunir meninas e meninos e discutir o tema de peito aberto\u201d, completou.\n<\/p>\n<p>\u201cAcho que esse tema \u00e9 muito importante e busco um mundo melhor. A gente vive muito em um mundo machista. O futebol \u00e9 muito machista (\u2026) Vamos fazer coisas importantes tamb\u00e9m, pelo respeito \u00e0s mulheres. Isso t\u00e1 dentro de mim. N\u00e3o sou de fazer propaganda do que eu fiz, fa\u00e7o de forma discreta e vou continuar fazendo, bandeira que eu empunhei e que vou continuar fazendo\u201d, finalizou o tema.\n<\/p>\n<p>Fonte: Metr\u00f3poles              <\/p>\n<\/div>\n<p><br \/>\n<br \/><a href=\"https:\/\/diariodobrasilnoticias.com.br\/noticia\/cuca-apresentado-no-atletico-mg-fala-sobre-as-acusacoes-de-estupro-678564bc70c63\">Source link <\/a><\/p>","protected":false},"excerpt":{"rendered":"<p>O Atl\u00e9tico-MG apresentou o t\u00e9cnico Cuca na manh\u00e3 desta segunda-feira (13\/1) na Cidade do Galo. Em seu retorno ao clube, o treinador comentou sobre um estupro ocorrido em Berna, na&hellip;<\/p>","protected":false},"author":1,"featured_media":91387,"comment_status":"closed","ping_status":"open","sticky":false,"template":"","format":"standard","meta":{"content-type":"","footnotes":""},"categories":[16],"tags":[123,2448,5313,1267],"class_list":["post-91386","post","type-post","status-publish","format-standard","has-post-thumbnail","hentry","category-noticias","tag-brasil","tag-diario","tag-noticia","tag-noticias"],"_links":{"self":[{"href":"https:\/\/tvbrazilusa.com\/pt\/wp-json\/wp\/v2\/posts\/91386","targetHints":{"allow":["GET"]}}],"collection":[{"href":"https:\/\/tvbrazilusa.com\/pt\/wp-json\/wp\/v2\/posts"}],"about":[{"href":"https:\/\/tvbrazilusa.com\/pt\/wp-json\/wp\/v2\/types\/post"}],"author":[{"embeddable":true,"href":"https:\/\/tvbrazilusa.com\/pt\/wp-json\/wp\/v2\/users\/1"}],"replies":[{"embeddable":true,"href":"https:\/\/tvbrazilusa.com\/pt\/wp-json\/wp\/v2\/comments?post=91386"}],"version-history":[{"count":1,"href":"https:\/\/tvbrazilusa.com\/pt\/wp-json\/wp\/v2\/posts\/91386\/revisions"}],"predecessor-version":[{"id":91388,"href":"https:\/\/tvbrazilusa.com\/pt\/wp-json\/wp\/v2\/posts\/91386\/revisions\/91388"}],"wp:featuredmedia":[{"embeddable":true,"href":"https:\/\/tvbrazilusa.com\/pt\/wp-json\/wp\/v2\/media\/91387"}],"wp:attachment":[{"href":"https:\/\/tvbrazilusa.com\/pt\/wp-json\/wp\/v2\/media?parent=91386"}],"wp:term":[{"taxonomy":"category","embeddable":true,"href":"https:\/\/tvbrazilusa.com\/pt\/wp-json\/wp\/v2\/categories?post=91386"},{"taxonomy":"post_tag","embeddable":true,"href":"https:\/\/tvbrazilusa.com\/pt\/wp-json\/wp\/v2\/tags?post=91386"}],"curies":[{"name":"wp","href":"https:\/\/api.w.org\/{rel}","templated":true}]}}