{"id":91396,"date":"2025-01-13T21:55:32","date_gmt":"2025-01-13T21:55:32","guid":{"rendered":"https:\/\/tvbrazilusa.com\/2025\/01\/13\/correa-comenta-decisao-que-obriga-hickmann-a-pagar-pensao-veja-video\/"},"modified":"2025-01-13T21:55:34","modified_gmt":"2025-01-13T21:55:34","slug":"correa-comenta-decisao-que-obriga-hickmann-a-pagar-pensao-veja-video","status":"publish","type":"post","link":"https:\/\/tvbrazilusa.com\/pt\/2025\/01\/13\/correa-comenta-decisao-que-obriga-hickmann-a-pagar-pensao-veja-video\/","title":{"rendered":"Correa comenta decis\u00e3o que obriga Hickmann a pagar pens\u00e3o; VEJA V\u00cdDEO"},"content":{"rendered":"<p> <script async src=\"https:\/\/pagead2.googlesyndication.com\/pagead\/js\/adsbygoogle.js?client=ca-pub-8864793242727901\"\r\n     crossorigin=\"anonymous\"><\/script><br \/>\n<\/p>\n<div id=\"taboola-read-more\" style=\"display:block; width:100%\">\n<p>O ex-marido de Ana Hickmann, Alexandre Correa, usou suas redes sociais para celebrar o resultado de um processo em que a apresentadora ter\u00e1 de pagar uma pens\u00e3o indenizat\u00f3ria de R$ 15 mil mensais. O empres\u00e1rio comemorou e disse que se sente agradecido.\n<\/p>\n<p>\u2013 Agrade\u00e7o a Deus pelos \u00faltimos acontecimentos divulgados pela imprensa e espero poder acordar deste pesadelo o mais r\u00e1pido poss\u00edvel. De fato, as \u00faltimas not\u00edcias s\u00e3o como se fosse dar a um homem no deserto, \u00e1gua e sombra, ent\u00e3o muito me acalma \u2013 escreveu na legenda de um v\u00eddeo em que aparece comentando o caso.<\/p>\n<p>Em comunicado, a assessoria da modelo disse que n\u00e3o deve comentar o caso, que segue em segredo de justi\u00e7a. A nota enviada ao Estad\u00e3o afirma que sua defesa disse ter recebido as not\u00edcias \u201ccom serenidade\u201d.\n<\/p>\n<p>\u2013 Sobre as not\u00edcias da fixa\u00e7\u00e3o de alimentos compensat\u00f3rios ao ex-marido, em sede de tutela de primeiro grau, e a condena\u00e7\u00e3o do sr. Alexandre na presta\u00e7\u00e3o de alimentos ao filho, a defesa de Ana Hickmann lamenta a veicula\u00e7\u00e3o de decis\u00f5es judiciais do processo de div\u00f3rcio, sabidamente em segredo de justi\u00e7a. Por tal raz\u00e3o, n\u00e3o se manifestar\u00e1 sobre a decis\u00e3o, que recebeu com serenidade \u2013 assinalou.\n<\/p>\n<p>Em meio a coment\u00e1rios que o parabenizam e o apoiam, celebrando a \u201cjusti\u00e7a divina\u201d, o empres\u00e1rio tamb\u00e9m agradeceu aos seguidores.\n<\/p>\n<p>\u2013 Obrigado por todos os directs de apoio, palavras de carinho. Vamos l\u00e1, continuar, vamos lutar, isso s\u00f3 fortalece e, como sempre, venho e agrade\u00e7o \u2013 comentou o empres\u00e1rio.\n<\/p>\n<p>Em sua fala, Alexandre tamb\u00e9m disse que esperava que o fim de seu casamento fosse \u201cnormal\u201d.\n<\/p>\n<p>\u2013 Se eu tivesse um pedido a Deus, jamais queria que nada disso tivesse acontecido na minha vida e que tivesse havido uma separa\u00e7\u00e3o normal, como qualquer casal. Pediria que nada disso tivesse ocorrido, tamanha exposi\u00e7\u00e3o de sofrimento \u2013 pontuou.\n<\/p>\n<p><strong>ASSISTA:<\/strong>\n<\/p>\n<p>Fonte: Pleno News              <\/p>\n<\/div>\n<p><br \/>\n<br \/><a href=\"https:\/\/diariodobrasilnoticias.com.br\/noticia\/correa-comenta-decisao-que-obriga-hickmann-a-pagar-pensao-veja-video-678574fbe82d7\">Source link <\/a><\/p>","protected":false},"excerpt":{"rendered":"<p>O ex-marido de Ana Hickmann, Alexandre Correa, usou suas redes sociais para celebrar o resultado de um processo em que a apresentadora ter\u00e1 de pagar uma pens\u00e3o indenizat\u00f3ria de R$&hellip;<\/p>","protected":false},"author":1,"featured_media":91397,"comment_status":"closed","ping_status":"open","sticky":false,"template":"","format":"standard","meta":{"content-type":"","footnotes":""},"categories":[16],"tags":[123,2448,5313,1267],"class_list":["post-91396","post","type-post","status-publish","format-standard","has-post-thumbnail","hentry","category-noticias","tag-brasil","tag-diario","tag-noticia","tag-noticias"],"_links":{"self":[{"href":"https:\/\/tvbrazilusa.com\/pt\/wp-json\/wp\/v2\/posts\/91396","targetHints":{"allow":["GET"]}}],"collection":[{"href":"https:\/\/tvbrazilusa.com\/pt\/wp-json\/wp\/v2\/posts"}],"about":[{"href":"https:\/\/tvbrazilusa.com\/pt\/wp-json\/wp\/v2\/types\/post"}],"author":[{"embeddable":true,"href":"https:\/\/tvbrazilusa.com\/pt\/wp-json\/wp\/v2\/users\/1"}],"replies":[{"embeddable":true,"href":"https:\/\/tvbrazilusa.com\/pt\/wp-json\/wp\/v2\/comments?post=91396"}],"version-history":[{"count":1,"href":"https:\/\/tvbrazilusa.com\/pt\/wp-json\/wp\/v2\/posts\/91396\/revisions"}],"predecessor-version":[{"id":91398,"href":"https:\/\/tvbrazilusa.com\/pt\/wp-json\/wp\/v2\/posts\/91396\/revisions\/91398"}],"wp:featuredmedia":[{"embeddable":true,"href":"https:\/\/tvbrazilusa.com\/pt\/wp-json\/wp\/v2\/media\/91397"}],"wp:attachment":[{"href":"https:\/\/tvbrazilusa.com\/pt\/wp-json\/wp\/v2\/media?parent=91396"}],"wp:term":[{"taxonomy":"category","embeddable":true,"href":"https:\/\/tvbrazilusa.com\/pt\/wp-json\/wp\/v2\/categories?post=91396"},{"taxonomy":"post_tag","embeddable":true,"href":"https:\/\/tvbrazilusa.com\/pt\/wp-json\/wp\/v2\/tags?post=91396"}],"curies":[{"name":"wp","href":"https:\/\/api.w.org\/{rel}","templated":true}]}}