{"id":91456,"date":"2025-01-14T00:32:14","date_gmt":"2025-01-14T00:32:14","guid":{"rendered":"https:\/\/tvbrazilusa.com\/2025\/01\/14\/homem-danca-de-sunga-na-fonte-das-criancas-e-prefeito-surta-veja-video\/"},"modified":"2025-01-14T00:32:16","modified_gmt":"2025-01-14T00:32:16","slug":"homem-danca-de-sunga-na-fonte-das-criancas-e-prefeito-surta-veja-video","status":"publish","type":"post","link":"https:\/\/tvbrazilusa.com\/pt\/2025\/01\/14\/homem-danca-de-sunga-na-fonte-das-criancas-e-prefeito-surta-veja-video\/","title":{"rendered":"Homem dan\u00e7a de sunga na fonte das crian\u00e7as e prefeito surta; VEJA V\u00cdDEO"},"content":{"rendered":"<p> <script async src=\"https:\/\/pagead2.googlesyndication.com\/pagead\/js\/adsbygoogle.js?client=ca-pub-8864793242727901\"\r\n     crossorigin=\"anonymous\"><\/script><br \/>\n<\/p>\n<div id=\"taboola-read-more\" style=\"display:block; width:100%\">\n<p>Um v\u00eddeo que circula nas redes sociais mostra um homem adulto rebolando de sunga na Fonte das Crian\u00e7as, em S\u00e3o Vicente, litoral de S\u00e3o Paulo, causando grande indigna\u00e7\u00e3o.<\/p>\n<p>O prefeito Kayo Amado expressou sua revolta nas redes sociais, chamando o homem de \u201cbabaca\u201d e anunciou que a prefeitura j\u00e1 registrou um boletim de ocorr\u00eancia.<\/p>\n<p>As imagens capturadas foram enviadas \u00e0s autoridades policiais para que a investiga\u00e7\u00e3o sobre o ocorrido seja iniciada.<\/p>\n<p>A prefeitura destacou que a Fonte das Crian\u00e7as possui regras espec\u00edficas, incluindo a proibi\u00e7\u00e3o de adultos desacompanhados de crian\u00e7as pequenas. O espa\u00e7o foi revitalizado para ser um ambiente seguro e agrad\u00e1vel para os pequenos, e a administra\u00e7\u00e3o local est\u00e1 empenhada em garantir essa finalidade. No entanto, a Secretaria da Seguran\u00e7a P\u00fablica informou que, at\u00e9 o momento, n\u00e3o h\u00e1 registro da ocorr\u00eancia na Pol\u00edcia Civil.\n<\/p>\n<p><strong>ASSISTA:<\/strong><\/p>\n<p>Fonte: @luizbacci \/ Instagram              <\/p>\n<\/div>\n<p><br \/>\n<br \/><a href=\"https:\/\/diariodobrasilnoticias.com.br\/noticia\/homem-danca-de-sunga-na-fonte-das-criancas-e-prefeito-surta-veja-video-6785887b956d3\">Source link <\/a><\/p>","protected":false},"excerpt":{"rendered":"<p>Um v\u00eddeo que circula nas redes sociais mostra um homem adulto rebolando de sunga na Fonte das Crian\u00e7as, em S\u00e3o Vicente, litoral de S\u00e3o Paulo, causando grande indigna\u00e7\u00e3o. O prefeito&hellip;<\/p>","protected":false},"author":1,"featured_media":91457,"comment_status":"closed","ping_status":"open","sticky":false,"template":"","format":"standard","meta":{"content-type":"","footnotes":""},"categories":[16],"tags":[123,2448,5313,1267],"class_list":["post-91456","post","type-post","status-publish","format-standard","has-post-thumbnail","hentry","category-noticias","tag-brasil","tag-diario","tag-noticia","tag-noticias"],"_links":{"self":[{"href":"https:\/\/tvbrazilusa.com\/pt\/wp-json\/wp\/v2\/posts\/91456","targetHints":{"allow":["GET"]}}],"collection":[{"href":"https:\/\/tvbrazilusa.com\/pt\/wp-json\/wp\/v2\/posts"}],"about":[{"href":"https:\/\/tvbrazilusa.com\/pt\/wp-json\/wp\/v2\/types\/post"}],"author":[{"embeddable":true,"href":"https:\/\/tvbrazilusa.com\/pt\/wp-json\/wp\/v2\/users\/1"}],"replies":[{"embeddable":true,"href":"https:\/\/tvbrazilusa.com\/pt\/wp-json\/wp\/v2\/comments?post=91456"}],"version-history":[{"count":1,"href":"https:\/\/tvbrazilusa.com\/pt\/wp-json\/wp\/v2\/posts\/91456\/revisions"}],"predecessor-version":[{"id":91458,"href":"https:\/\/tvbrazilusa.com\/pt\/wp-json\/wp\/v2\/posts\/91456\/revisions\/91458"}],"wp:featuredmedia":[{"embeddable":true,"href":"https:\/\/tvbrazilusa.com\/pt\/wp-json\/wp\/v2\/media\/91457"}],"wp:attachment":[{"href":"https:\/\/tvbrazilusa.com\/pt\/wp-json\/wp\/v2\/media?parent=91456"}],"wp:term":[{"taxonomy":"category","embeddable":true,"href":"https:\/\/tvbrazilusa.com\/pt\/wp-json\/wp\/v2\/categories?post=91456"},{"taxonomy":"post_tag","embeddable":true,"href":"https:\/\/tvbrazilusa.com\/pt\/wp-json\/wp\/v2\/tags?post=91456"}],"curies":[{"name":"wp","href":"https:\/\/api.w.org\/{rel}","templated":true}]}}