{"id":91480,"date":"2025-01-14T02:01:39","date_gmt":"2025-01-14T02:01:39","guid":{"rendered":"https:\/\/tvbrazilusa.com\/2025\/01\/14\/mulher-e-detida-em-flagrante-por-deixar-cachorro-no-carro-por-3-horas\/"},"modified":"2025-01-14T02:01:40","modified_gmt":"2025-01-14T02:01:40","slug":"mulher-e-detida-em-flagrante-por-deixar-cachorro-no-carro-por-3-horas","status":"publish","type":"post","link":"https:\/\/tvbrazilusa.com\/pt\/2025\/01\/14\/mulher-e-detida-em-flagrante-por-deixar-cachorro-no-carro-por-3-horas\/","title":{"rendered":"Mulher \u00e9 detida em flagrante por deixar cachorro no carro por 3 horas"},"content":{"rendered":"<p> <script async src=\"https:\/\/pagead2.googlesyndication.com\/pagead\/js\/adsbygoogle.js?client=ca-pub-8864793242727901\"\r\n     crossorigin=\"anonymous\"><\/script><br \/>\n<\/p>\n<div id=\"taboola-read-more\" style=\"display:block; width:100%\">\n<p>Uma mulher foi presa em flagrante por maus-tratos a um cachorro ap\u00f3s deixar o animal preso por mais de tr\u00eas horas dentro de um carro com os vidros fechados. O caso ocorreu no \u00faltimo domingo (12) em Balne\u00e1rio Cambori\u00fa (SC).\n<\/p>\n<p>Ap\u00f3s denunciais, uma equipe da Policia Militar encontrou o cachorro dentro de uma caixa de transporte no interior do ve\u00edculo.<\/p>\n<p>Testemunhas disseram que o animal j\u00e1 se encontrava em situa\u00e7\u00e3o de calor extremo havia mais de tr\u00eas horas e que havia urina na caixa onde ele estava.\n<\/p>\n<p>Pouco tempo depois de os policiais chegarem ao local, a tutora tamb\u00e9m chegou. Ela foi presa em flagrante e o animal foi resgatado.\n<\/p>\n<p>Fonte: CNN Brasil              <\/p>\n<\/div>\n<p><br \/>\n<br \/><a href=\"https:\/\/diariodobrasilnoticias.com.br\/noticia\/mulher-e-detida-em-flagrante-por-deixar-cachorro-no-carro-por-3-horas-67859c7eb20b7\">Source link <\/a><\/p>","protected":false},"excerpt":{"rendered":"<p>Uma mulher foi presa em flagrante por maus-tratos a um cachorro ap\u00f3s deixar o animal preso por mais de tr\u00eas horas dentro de um carro com os vidros fechados. O&hellip;<\/p>","protected":false},"author":1,"featured_media":91481,"comment_status":"closed","ping_status":"open","sticky":false,"template":"","format":"standard","meta":{"content-type":"","footnotes":""},"categories":[16],"tags":[123,2448,5313,1267],"class_list":["post-91480","post","type-post","status-publish","format-standard","has-post-thumbnail","hentry","category-noticias","tag-brasil","tag-diario","tag-noticia","tag-noticias"],"_links":{"self":[{"href":"https:\/\/tvbrazilusa.com\/pt\/wp-json\/wp\/v2\/posts\/91480","targetHints":{"allow":["GET"]}}],"collection":[{"href":"https:\/\/tvbrazilusa.com\/pt\/wp-json\/wp\/v2\/posts"}],"about":[{"href":"https:\/\/tvbrazilusa.com\/pt\/wp-json\/wp\/v2\/types\/post"}],"author":[{"embeddable":true,"href":"https:\/\/tvbrazilusa.com\/pt\/wp-json\/wp\/v2\/users\/1"}],"replies":[{"embeddable":true,"href":"https:\/\/tvbrazilusa.com\/pt\/wp-json\/wp\/v2\/comments?post=91480"}],"version-history":[{"count":1,"href":"https:\/\/tvbrazilusa.com\/pt\/wp-json\/wp\/v2\/posts\/91480\/revisions"}],"predecessor-version":[{"id":91482,"href":"https:\/\/tvbrazilusa.com\/pt\/wp-json\/wp\/v2\/posts\/91480\/revisions\/91482"}],"wp:featuredmedia":[{"embeddable":true,"href":"https:\/\/tvbrazilusa.com\/pt\/wp-json\/wp\/v2\/media\/91481"}],"wp:attachment":[{"href":"https:\/\/tvbrazilusa.com\/pt\/wp-json\/wp\/v2\/media?parent=91480"}],"wp:term":[{"taxonomy":"category","embeddable":true,"href":"https:\/\/tvbrazilusa.com\/pt\/wp-json\/wp\/v2\/categories?post=91480"},{"taxonomy":"post_tag","embeddable":true,"href":"https:\/\/tvbrazilusa.com\/pt\/wp-json\/wp\/v2\/tags?post=91480"}],"curies":[{"name":"wp","href":"https:\/\/api.w.org\/{rel}","templated":true}]}}