{"id":91483,"date":"2025-01-14T02:13:32","date_gmt":"2025-01-14T02:13:32","guid":{"rendered":"https:\/\/tvbrazilusa.com\/2025\/01\/14\/policia-cerca-casa-da-pequena-soraia-e-se-choca-quando-ve-quem-a-matou-veja-video\/"},"modified":"2025-01-14T02:13:33","modified_gmt":"2025-01-14T02:13:33","slug":"policia-cerca-casa-da-pequena-soraia-e-se-choca-quando-ve-quem-a-matou-veja-video","status":"publish","type":"post","link":"https:\/\/tvbrazilusa.com\/pt\/2025\/01\/14\/policia-cerca-casa-da-pequena-soraia-e-se-choca-quando-ve-quem-a-matou-veja-video\/","title":{"rendered":"Pol\u00edcia cerca casa da pequena Soraia e se choca quando v\u00ea quem a matou; VEJA V\u00cdDEO"},"content":{"rendered":"<p> <script async src=\"https:\/\/pagead2.googlesyndication.com\/pagead\/js\/adsbygoogle.js?client=ca-pub-8864793242727901\"\r\n     crossorigin=\"anonymous\"><\/script><br \/>\n<\/p>\n<div id=\"taboola-read-more\" style=\"display:block; width:100%\">\n<p>Uma trag\u00e9dia abalou Mafra, em Santa Catarina, nesta segunda-feira (13), quando uma crian\u00e7a de 4 anos foi morta a facadas.<\/p>\n<p>A principal suspeita \u00e9 sua irm\u00e3 de 22 anos. O crime ocorreu em Vila Ivete, e a crian\u00e7a foi levada ao Hospital S\u00e3o Vicente de Paulo, mas n\u00e3o sobreviveu. A Pol\u00edcia Militar encontrou a suspeita em aparente surto psic\u00f3tico, armada com duas facas, e, ap\u00f3s tentativas de negocia\u00e7\u00e3o, utilizou armamento n\u00e3o letal para det\u00ea-la.<\/p>\n<p>Ela foi encaminhada \u00e0 Unidade de Pronto Atendimento de Mafra para avalia\u00e7\u00e3o m\u00e9dica. O caso est\u00e1 sob investiga\u00e7\u00e3o da Pol\u00edcia Civil.\n<\/p>\n<p><strong>ASSISTA:<\/strong><\/p>\n<p>Fonte: @luizbacci \/ Instagram              <\/p>\n<\/div>\n<p><br \/>\n<br \/><a href=\"https:\/\/diariodobrasilnoticias.com.br\/noticia\/policia-cerca-casa-da-pequena-soraia-e-se-choca-quando-ve-quem-a-matou-veja-video-67859d5317da0\">Source link <\/a><\/p>","protected":false},"excerpt":{"rendered":"<p>Uma trag\u00e9dia abalou Mafra, em Santa Catarina, nesta segunda-feira (13), quando uma crian\u00e7a de 4 anos foi morta a facadas. A principal suspeita \u00e9 sua irm\u00e3 de 22 anos. O&hellip;<\/p>","protected":false},"author":1,"featured_media":91484,"comment_status":"closed","ping_status":"open","sticky":false,"template":"","format":"standard","meta":{"content-type":"","footnotes":""},"categories":[16],"tags":[123,2448,5313,1267],"class_list":["post-91483","post","type-post","status-publish","format-standard","has-post-thumbnail","hentry","category-noticias","tag-brasil","tag-diario","tag-noticia","tag-noticias"],"_links":{"self":[{"href":"https:\/\/tvbrazilusa.com\/pt\/wp-json\/wp\/v2\/posts\/91483","targetHints":{"allow":["GET"]}}],"collection":[{"href":"https:\/\/tvbrazilusa.com\/pt\/wp-json\/wp\/v2\/posts"}],"about":[{"href":"https:\/\/tvbrazilusa.com\/pt\/wp-json\/wp\/v2\/types\/post"}],"author":[{"embeddable":true,"href":"https:\/\/tvbrazilusa.com\/pt\/wp-json\/wp\/v2\/users\/1"}],"replies":[{"embeddable":true,"href":"https:\/\/tvbrazilusa.com\/pt\/wp-json\/wp\/v2\/comments?post=91483"}],"version-history":[{"count":1,"href":"https:\/\/tvbrazilusa.com\/pt\/wp-json\/wp\/v2\/posts\/91483\/revisions"}],"predecessor-version":[{"id":91485,"href":"https:\/\/tvbrazilusa.com\/pt\/wp-json\/wp\/v2\/posts\/91483\/revisions\/91485"}],"wp:featuredmedia":[{"embeddable":true,"href":"https:\/\/tvbrazilusa.com\/pt\/wp-json\/wp\/v2\/media\/91484"}],"wp:attachment":[{"href":"https:\/\/tvbrazilusa.com\/pt\/wp-json\/wp\/v2\/media?parent=91483"}],"wp:term":[{"taxonomy":"category","embeddable":true,"href":"https:\/\/tvbrazilusa.com\/pt\/wp-json\/wp\/v2\/categories?post=91483"},{"taxonomy":"post_tag","embeddable":true,"href":"https:\/\/tvbrazilusa.com\/pt\/wp-json\/wp\/v2\/tags?post=91483"}],"curies":[{"name":"wp","href":"https:\/\/api.w.org\/{rel}","templated":true}]}}