{"id":91488,"date":"2025-01-14T02:31:41","date_gmt":"2025-01-14T02:31:41","guid":{"rendered":"https:\/\/tvbrazilusa.com\/2025\/01\/14\/bolsonaro-espero-representar-o-brasil-na-posse-de-trump\/"},"modified":"2025-01-14T02:31:42","modified_gmt":"2025-01-14T02:31:42","slug":"bolsonaro-espero-representar-o-brasil-na-posse-de-trump","status":"publish","type":"post","link":"https:\/\/tvbrazilusa.com\/pt\/2025\/01\/14\/bolsonaro-espero-representar-o-brasil-na-posse-de-trump\/","title":{"rendered":"Bolsonaro: Espero representar o Brasil na posse de Trump"},"content":{"rendered":"<p> <script async src=\"https:\/\/pagead2.googlesyndication.com\/pagead\/js\/adsbygoogle.js?client=ca-pub-8864793242727901\"\r\n     crossorigin=\"anonymous\"><\/script><br \/>\n<\/p>\n<div id=\"taboola-read-more\" style=\"display:block; width:100%\">\n<p>O ex-presidente Jair Bolsonaro (PL) afirmou, em declara\u00e7\u00e3o \u00e0 CNN, que aguarda a libera\u00e7\u00e3o de seu passaporte para participar da posse do presidente eleito dos Estados Unidos, Donald Trump, no pr\u00f3ximo dia 20 de janeiro, em Washington.\n<\/p>\n<p>\u201cN\u00e3o cometi crime algum. Aguardo o passaporte para representar o Brasil l\u00e1 fora [EUA] j\u00e1 que o atual governante do Brasil representa a Venezuela, a Nicar\u00e1gua, isto \u00e9, pa\u00edses que n\u00e3o s\u00e3o democr\u00e1ticos\u201d, disse Bolsonaro.<\/p>\n<p>\u00c0 CNN, o deputado federal Eduardo Bolsonaro (PL), filho do ex-presidente, disse que o convite enviado para o ex-presidente Jair Bolsonaro (PL) \u00e9 um recado para o presidente Luiz In\u00e1cio Lula da Silva (PT) para os pr\u00f3ximos anos.\n<\/p>\n<p>\u201cAo chamar Bolsonaro para a posse, Donald Trump d\u00e1 um recado ao Lula. Um recado de que o governo n\u00e3o vai seguir um pragmatismo. Trump fez isso, porque ele sofreu persegui\u00e7\u00e3o assim como Bolsonaro sofre aqui no Brasil\u201d, disse Eduardo.\n<\/p>\n<p>Segundo Eduardo Bolsonaro, o Donald Trump pediu a presen\u00e7a de Jair Bolsonaro na posse no pr\u00f3ximo dia 20 em Washington. A informa\u00e7\u00e3o foi repassada ap\u00f3s o envio de um e-mail pela equipe do republicano, convidando o ex-presidente brasileiro.\n<\/p>\n<p>\u201cO e-mail que recebi foi da equipe da organiza\u00e7\u00e3o da posse. Recebi de madrugada o e-mail ap\u00f3s saber que o presidente Trump pediu a presen\u00e7a de Jair Bolsonaro no dia.\n<\/p>\n<p>Aliados de Jair Bolsonaro afirmaram \u00e0 CNN que, se o ministro Alexandre de Moraes negar o pedido de libera\u00e7\u00e3o do passaporte, o epis\u00f3dio poder\u00e1 azedar ainda mais a rela\u00e7\u00e3o da Suprema Corte brasileira e do governo Lula com a gest\u00e3o Trump.\n<\/p>\n<p>Interlocutores lembraram \u00e0 CNN que a inser\u00e7\u00e3o do nome de Elon Musk no ano passado no inqu\u00e9rito das mil\u00edcias digitais, al\u00e9m do epis\u00f3dio da primeira-dama Janja da Silva, que chamou um palavr\u00e3o com Elon Musk n\u00e3o agradaram a Donald Trump.\n<\/p>\n<p>Na semana passada, o ministro Alexandre de Moraes, do Supremo Tribunal Federal (STF), determinou que a defesa de Jair Bolsonaro apresente \u00e0 Corte o convite oficial para a posse de Donald Trump antes de decidir sobre a devolu\u00e7\u00e3o do passaporte do ex-presidente.\n<\/p>\n<p>O ministro afirmou na decis\u00e3o que a defesa precisa apresentar documento oficial que comprove o convite para a cerim\u00f4nia de posse de Donald Trump. A defesa do ex-presidente j\u00e1 respondeu ao questionamento do ministro e aguarda uma decis\u00e3o.\n<\/p>\n<p>Fonte: CNN Brasil              <\/p>\n<\/div>\n<p><br \/>\n<br \/><a href=\"https:\/\/diariodobrasilnoticias.com.br\/noticia\/bolsonaro-espero-representar-o-brasil-na-posse-de-trump-67859db8b7f5b\">Source link <\/a><\/p>","protected":false},"excerpt":{"rendered":"<p>O ex-presidente Jair Bolsonaro (PL) afirmou, em declara\u00e7\u00e3o \u00e0 CNN, que aguarda a libera\u00e7\u00e3o de seu passaporte para participar da posse do presidente eleito dos Estados Unidos, Donald Trump, no&hellip;<\/p>","protected":false},"author":1,"featured_media":91489,"comment_status":"closed","ping_status":"open","sticky":false,"template":"","format":"standard","meta":{"content-type":"","footnotes":""},"categories":[16],"tags":[123,2448,5313,1267],"class_list":["post-91488","post","type-post","status-publish","format-standard","has-post-thumbnail","hentry","category-noticias","tag-brasil","tag-diario","tag-noticia","tag-noticias"],"_links":{"self":[{"href":"https:\/\/tvbrazilusa.com\/pt\/wp-json\/wp\/v2\/posts\/91488","targetHints":{"allow":["GET"]}}],"collection":[{"href":"https:\/\/tvbrazilusa.com\/pt\/wp-json\/wp\/v2\/posts"}],"about":[{"href":"https:\/\/tvbrazilusa.com\/pt\/wp-json\/wp\/v2\/types\/post"}],"author":[{"embeddable":true,"href":"https:\/\/tvbrazilusa.com\/pt\/wp-json\/wp\/v2\/users\/1"}],"replies":[{"embeddable":true,"href":"https:\/\/tvbrazilusa.com\/pt\/wp-json\/wp\/v2\/comments?post=91488"}],"version-history":[{"count":1,"href":"https:\/\/tvbrazilusa.com\/pt\/wp-json\/wp\/v2\/posts\/91488\/revisions"}],"predecessor-version":[{"id":91490,"href":"https:\/\/tvbrazilusa.com\/pt\/wp-json\/wp\/v2\/posts\/91488\/revisions\/91490"}],"wp:featuredmedia":[{"embeddable":true,"href":"https:\/\/tvbrazilusa.com\/pt\/wp-json\/wp\/v2\/media\/91489"}],"wp:attachment":[{"href":"https:\/\/tvbrazilusa.com\/pt\/wp-json\/wp\/v2\/media?parent=91488"}],"wp:term":[{"taxonomy":"category","embeddable":true,"href":"https:\/\/tvbrazilusa.com\/pt\/wp-json\/wp\/v2\/categories?post=91488"},{"taxonomy":"post_tag","embeddable":true,"href":"https:\/\/tvbrazilusa.com\/pt\/wp-json\/wp\/v2\/tags?post=91488"}],"curies":[{"name":"wp","href":"https:\/\/api.w.org\/{rel}","templated":true}]}}