{"id":91491,"date":"2025-01-14T02:43:52","date_gmt":"2025-01-14T02:43:52","guid":{"rendered":"https:\/\/tvbrazilusa.com\/2025\/01\/14\/jornal-europeu-faz-analise-ruim-do-judiciario-brasileiro-e-aponta-toffoli-como-exemplo-amigo-do-amigo-do-meu-pai\/"},"modified":"2025-01-14T02:43:53","modified_gmt":"2025-01-14T02:43:53","slug":"jornal-europeu-faz-analise-ruim-do-judiciario-brasileiro-e-aponta-toffoli-como-exemplo-amigo-do-amigo-do-meu-pai","status":"publish","type":"post","link":"https:\/\/tvbrazilusa.com\/pt\/2025\/01\/14\/jornal-europeu-faz-analise-ruim-do-judiciario-brasileiro-e-aponta-toffoli-como-exemplo-amigo-do-amigo-do-meu-pai\/","title":{"rendered":"Jornal europeu faz an\u00e1lise ruim do judici\u00e1rio brasileiro e aponta Toffoli como exemplo: &#8216;amigo do amigo do meu pai&#8217;"},"content":{"rendered":"<p> <script async src=\"https:\/\/pagead2.googlesyndication.com\/pagead\/js\/adsbygoogle.js?client=ca-pub-8864793242727901\"\r\n     crossorigin=\"anonymous\"><\/script><br \/>\n<\/p>\n<div id=\"taboola-read-more\" style=\"display:block; width:100%\">\n<p>O ministro Dias Toffoli, do Supremo Tribunal Federal (STF), protagonizou mais uma reportagem internacional sobre a impunidade da corrup\u00e7\u00e3o no Brasil.\n<\/p>\n<p>Em 2024, ele havia sido tema de mat\u00e9rias publicadas pela The Economist e pelo Financial Times. Desta vez, o magistrado, citado na dela\u00e7\u00e3o de Marcelo Odebrecht como o \u201camigo do amigo de meu pai\u201d, foi destaque no Irish Times, o principal jornal da Irlanda.<\/p>\n<p>O ministro Dias Toffoli, do Supremo Tribunal Federal (STF), protagonizou mais uma reportagem internacional sobre a impunidade da corrup\u00e7\u00e3o no Brasil.\n<\/p>\n<p>Em 2024, ele havia sido tema de mat\u00e9rias publicadas pela The Economist e pelo Financial Times. Desta vez, o magistrado, citado na dela\u00e7\u00e3o de Marcelo Odebrecht como o \u201camigo do amigo de meu pai\u201d, foi destaque no Irish Times, o principal jornal da Irlanda.\n<\/p>\n<p>Na reportagem \u201cBrasil atolado na corrup\u00e7\u00e3o onde a jurisprud\u00eancia dos tribunais cede lugar \u00e0 conveni\u00eancia da pol\u00edtica\u201d (em tradu\u00e7\u00e3o livre), publicada em 30 de dezembro de 2024, mas que s\u00f3 repercutiu nesta segunda, 13, nos perfis brasileiros no X, o peri\u00f3dico chama aten\u00e7\u00e3o para o cen\u00e1rio de excessos judiciais no Brasil que \u201cprovavelmente favorecer\u00e1\u201d o ex-presidente Jair Bolsonaro.\n<\/p>\n<p>Personagem central<br \/>O jornal diz o seguinte sobre \u201cthe friend of my father\u2019s friend\u201d, que decidiu manter a investiga\u00e7\u00e3o sobre a ONG Transpar\u00eancia Internacional, que determinou o compartilhamento em \u00f3rg\u00e3os federais e com o Congresso de uma fake news criada contra a Transpar\u00eancia Internacional na Lava Jato.\n<\/p>\n<p>\u201c(\u2026) Bruno Brand\u00e3o, da Transpar\u00eancia Internacional \u2013 Brasil, v\u00ea uma explica\u00e7\u00e3o alternativa para o movimento da Suprema Corte contra a Lava Jato. \u2018Na verdade, a opera\u00e7\u00e3o s\u00f3 foi liquidada quando chegou ao Judici\u00e1rio e amea\u00e7ou revelar a corrup\u00e7\u00e3o entre os ju\u00edzes nos tribunais superiores. O Legislativo e o Executivo n\u00e3o foram capazes par\u00e1-la. Mas o Judici\u00e1rio foi.\u2019\n<\/p>\n<p>O juiz da Suprema Corte Toffoli \u00e9 central para essa interpreta\u00e7\u00e3o da hist\u00f3ria. Ele tem sido o membro mais proeminente da Suprema Corte em derrubar condena\u00e7\u00f5es feitas por tribunais inferiores. Isso incluiu sua decis\u00e3o unilateral de anular provas de irregularidades fornecidas por executivos da gigante da constru\u00e7\u00e3o Odebrecht.\n<\/p>\n<p>Entre as evid\u00eancias lan\u00e7adas, estava um e-mail no qual a testemunha mais not\u00f3ria da Lava Jato \u2013 o presidente da Odebrecht \u2013 perguntou a dois colegas se um acordo havia sido alcan\u00e7ado com \u2018o amigo do amigo do meu pai\u2019, que ele disse mais tarde aos promotores ter sido refer\u00eancia a Toffoli, ent\u00e3o advogado-geral da Uni\u00e3o.\n<\/p>\n<p>A mudan\u00e7a do destino da Lava Jato nas m\u00e3os de uma Suprema Corte que parece mais atenta \u00e0 pol\u00edtica do que \u00e0 jurisprud\u00eancia tamb\u00e9m destaca os riscos potenciais no futuro para outros casos relevantes, incluindo a investiga\u00e7\u00e3o sobre o ex-presidente de extrema-direita Jair Bolsonaro por supostamente planejar um golpe para anular sua derrota nas elei\u00e7\u00f5es presidenciais de 2022.\u201d\n<\/p>\n<p>A \u201cconfus\u00e3o de pap\u00e9is\u201d de Moraes<br \/>O jornal chama aten\u00e7\u00e3o para a \u201cconfus\u00e3o de pap\u00e9is\u201d de Alexandre de Moraes, colega de Toffoli na Suprema Corte brasileira.\n<\/p>\n<p>\u201cIsso ocorre porque o processo contra Bolsonaro e seu c\u00edrculo de generais em servi\u00e7o e aposentados est\u00e1 sendo conduzido pelo colega de Toffoli na Suprema Corte Alexandre de Moraes. Nesse papel, ele assumiu a tarefa de investigador principal, bem como de juiz, em um caso em que tamb\u00e9m se afigura como uma das potenciais v\u00edtimas dos conspiradores, supostamente alvo de um plano de assassinato.\n<\/p>\n<p>Os cr\u00edticos alertaram que essa confus\u00e3o de pap\u00e9is corre o risco de deixar o caso aberto a acusa\u00e7\u00f5es semelhantes de excesso judicial que Moro enfrentou e poderia fornecer motivos para apela\u00e7\u00e3o e a eventual invers\u00e3o de qualquer condena\u00e7\u00e3o futura.\n<\/p>\n<p>Mas em um eco da euforia que tomou conta do pa\u00eds ao ver empres\u00e1rios e pol\u00edticos poderosos presos por corrup\u00e7\u00e3o, Moraes se tornou uma esp\u00e9cie de her\u00f3i nacional por enfrentar o golpe de Bolsonaro, mesmo entre aqueles da esquerda que o denunciaram como um \u2018fascista\u2019 quando ele foi nomeado pela primeira vez para o tribunal em 2017. Ele n\u00e3o mostrou nenhum sinal de se afastar do caso e, em vez disso, parece estar gostando do papel de protagonista que isso lhe trouxe. (\u2026)\u201d\n<\/p>\n<p>Fonte: O Antagonista              <\/p>\n<\/div>\n<p><br \/>\n<br \/><a href=\"https:\/\/diariodobrasilnoticias.com.br\/noticia\/jornal-europeu-faz-analise-ruim-do-judiciario-brasileiro-e-aponta-toffoli-como-exemplo-amigo-do-amigo-do-meu-pai-67858b021ddef\">Source link <\/a><\/p>","protected":false},"excerpt":{"rendered":"<p>O ministro Dias Toffoli, do Supremo Tribunal Federal (STF), protagonizou mais uma reportagem internacional sobre a impunidade da corrup\u00e7\u00e3o no Brasil. Em 2024, ele havia sido tema de mat\u00e9rias publicadas&hellip;<\/p>","protected":false},"author":1,"featured_media":91492,"comment_status":"closed","ping_status":"open","sticky":false,"template":"","format":"standard","meta":{"content-type":"","footnotes":""},"categories":[16],"tags":[123,2448,5313,1267],"class_list":["post-91491","post","type-post","status-publish","format-standard","has-post-thumbnail","hentry","category-noticias","tag-brasil","tag-diario","tag-noticia","tag-noticias"],"_links":{"self":[{"href":"https:\/\/tvbrazilusa.com\/pt\/wp-json\/wp\/v2\/posts\/91491","targetHints":{"allow":["GET"]}}],"collection":[{"href":"https:\/\/tvbrazilusa.com\/pt\/wp-json\/wp\/v2\/posts"}],"about":[{"href":"https:\/\/tvbrazilusa.com\/pt\/wp-json\/wp\/v2\/types\/post"}],"author":[{"embeddable":true,"href":"https:\/\/tvbrazilusa.com\/pt\/wp-json\/wp\/v2\/users\/1"}],"replies":[{"embeddable":true,"href":"https:\/\/tvbrazilusa.com\/pt\/wp-json\/wp\/v2\/comments?post=91491"}],"version-history":[{"count":1,"href":"https:\/\/tvbrazilusa.com\/pt\/wp-json\/wp\/v2\/posts\/91491\/revisions"}],"predecessor-version":[{"id":91493,"href":"https:\/\/tvbrazilusa.com\/pt\/wp-json\/wp\/v2\/posts\/91491\/revisions\/91493"}],"wp:featuredmedia":[{"embeddable":true,"href":"https:\/\/tvbrazilusa.com\/pt\/wp-json\/wp\/v2\/media\/91492"}],"wp:attachment":[{"href":"https:\/\/tvbrazilusa.com\/pt\/wp-json\/wp\/v2\/media?parent=91491"}],"wp:term":[{"taxonomy":"category","embeddable":true,"href":"https:\/\/tvbrazilusa.com\/pt\/wp-json\/wp\/v2\/categories?post=91491"},{"taxonomy":"post_tag","embeddable":true,"href":"https:\/\/tvbrazilusa.com\/pt\/wp-json\/wp\/v2\/tags?post=91491"}],"curies":[{"name":"wp","href":"https:\/\/api.w.org\/{rel}","templated":true}]}}