{"id":9151,"date":"2024-07-26T17:56:38","date_gmt":"2024-07-26T17:56:38","guid":{"rendered":"https:\/\/tvbrazilusa.com\/2024\/07\/26\/descubra-quanto-custou-o-vestido-carissimo-de-janja-na-abertura-das-olimpiadas-tv-florida-usa-a-sua-tv-brasileira-nos-estados-unidos\/"},"modified":"2024-07-26T18:22:23","modified_gmt":"2024-07-26T18:22:23","slug":"descubra-quanto-custou-o-vestido-carissimo-de-janja-na-abertura-das-olimpiadas-tv-florida-usa-a-sua-tv-brasileira-nos-estados-unidos","status":"publish","type":"post","link":"https:\/\/tvbrazilusa.com\/pt\/2024\/07\/26\/descubra-quanto-custou-o-vestido-carissimo-de-janja-na-abertura-das-olimpiadas-tv-florida-usa-a-sua-tv-brasileira-nos-estados-unidos\/","title":{"rendered":"Descubra quanto custou o vestido car\u00edssimo de Janja na abertura das Olimp\u00edadas \u2013 TV Florida USA \u2013 A sua TV Brasileira nos Estados Unidos"},"content":{"rendered":"<p> <script async src=\"https:\/\/pagead2.googlesyndication.com\/pagead\/js\/adsbygoogle.js?client=ca-pub-8864793242727901\"\r\n     crossorigin=\"anonymous\"><\/script><br \/>\n<\/p>\n<div>\n<p><em>Foto: Ag\u00eancia Brasil\/Christian Hartmann\/Reuters \/ Claudio Kbene\/PR<\/em><\/p>\n<p>Nesta sexta-feira (26), tem in\u00edcio a t\u00e3o aguardada Olimp\u00edada de Paris 2024, marcada pela escolha inovadora do Rio Sena como palco da Cerim\u00f4nia de Abertura. Atletas de todos os pa\u00edses, ao lado de suas confedera\u00e7\u00f5es, ir\u00e3o cruzar as \u00e1guas emblem\u00e1ticas deste ic\u00f4nico ponto tur\u00edstico da capital francesa. Muitos espectadores de diferentes partes do mundo s\u00e3o esperados para acompanhar o evento. Entre eles, destaque para a primeira-dama Ros\u00e2ngela da Silva, popularmente conhecida como Janja Silva, esposa do presidente Luiz In\u00e1cio Lula da Silva.<\/p>\n<p>Janja Silva compartilhou em suas redes sociais detalhes sobre sua participa\u00e7\u00e3o no jantar oferecido pelo Comit\u00ea Ol\u00edmpico Internacional e pelo governo franc\u00eas. O evento foi uma recep\u00e7\u00e3o majestosa no Museu do Louvre, destinada \u00e0s comitivas e delega\u00e7\u00f5es dos pa\u00edses participantes. Um dos destaques foi o vestido da primeira-dama, que chamou a aten\u00e7\u00e3o n\u00e3o s\u00f3 pelo design, mas tamb\u00e9m pelo valor.<\/p>\n<figure class=\"wp-block-image size-full\"><picture decoding=\"async\" class=\"wp-image-162083\"><source type=\"image\/webp\" srcset=\"https:\/\/terrabrasilnoticias.com\/wp-content\/uploads\/2024\/07\/IMG_6640.jpeg.webp 1000w, https:\/\/terrabrasilnoticias.com\/wp-content\/uploads\/2024\/07\/IMG_6640-300x169.jpeg.webp 300w, https:\/\/terrabrasilnoticias.com\/wp-content\/uploads\/2024\/07\/IMG_6640-768x432.jpeg.webp 768w, https:\/\/terrabrasilnoticias.com\/wp-content\/uploads\/2024\/07\/IMG_6640-750x422.jpeg.webp 750w\" sizes=\"(max-width: 1000px) 100vw, 1000px\"\/><\/picture>\n<\/figure>\n<h2 class=\"wp-block-heading\">O Pre\u00e7o e a Escolha do Vestido de Janja Silva<\/h2>\n<p>Para a ocasi\u00e3o especial, Janja elegeu uma pe\u00e7a da marca brasileira Neriage, resultado de uma colabora\u00e7\u00e3o com o artista pl\u00e1stico Leonilson. O vestido \u00e9 feito de crepe de chine 100% seda, parte da cole\u00e7\u00e3o Ver\u00e3o 2024 da etiqueta paulista. O valor impressiona: R$ 6.160,00, e em promo\u00e7\u00e3o! Seu pre\u00e7o original no site da loja era R$ 8.800,00. Com o sal\u00e1rio m\u00ednimo de 2024 fixado em R$ 1.412, o vestido custa aproximadamente cinco sal\u00e1rios m\u00ednimos. Caso n\u00e3o estivesse em promo\u00e7\u00e3o, o valor equivaleria a quase sete sal\u00e1rios m\u00ednimos.<\/p>\n<figure class=\"wp-block-image size-full\"><picture decoding=\"async\" class=\"wp-image-162084\"><source type=\"image\/webp\" srcset=\"https:\/\/terrabrasilnoticias.com\/wp-content\/uploads\/2024\/07\/IMG_6641.jpeg.webp 1000w, https:\/\/terrabrasilnoticias.com\/wp-content\/uploads\/2024\/07\/IMG_6641-300x169.jpeg.webp 300w, https:\/\/terrabrasilnoticias.com\/wp-content\/uploads\/2024\/07\/IMG_6641-768x432.jpeg.webp 768w, https:\/\/terrabrasilnoticias.com\/wp-content\/uploads\/2024\/07\/IMG_6641-750x422.jpeg.webp 750w\" sizes=\"(max-width: 1000px) 100vw, 1000px\"\/><\/picture>\n<\/figure>\n<h2 class=\"wp-block-heading\">Quem \u00e9 o Artista Leonilson?<\/h2>\n<p>O artista pl\u00e1stico Jos\u00e9 Leonilson, que faleceu h\u00e1 30 anos, \u00e9 a mente criativa por tr\u00e1s das obras que inspiraram a cole\u00e7\u00e3o \u201cCartas para \u00cdtaca\u201d. Seus trabalhos s\u00e3o preservados pelo Projeto Leonilson, uma institui\u00e7\u00e3o gerida por sua irm\u00e3, Ana Lenicia. Neriage conseguiu licenciar pela primeira vez os trabalhos de Leonilson para fins comerciais, um marco na hist\u00f3ria da arte e da moda brasileira.<\/p>\n<h3 class=\"wp-block-heading\">Como a Cole\u00e7\u00e3o Foi Criada?<\/h3>\n<p>A estilista Rafaella Carniello mergulhou em um acervo extenso, composto por mais de 3.500 obras do artista, para criar a cole\u00e7\u00e3o. A linha conta com releituras das obras de Leonilson dos anos 70, 80 e 90, trabalhadas \u00e0 m\u00e3o, com foco em bordados e estampas refinadas. Segundo a revista Vogue, a cole\u00e7\u00e3o foi apresentada em 2023 em um desfile na Pinacoteca de S\u00e3o Paulo, que contou com a presen\u00e7a da fam\u00edlia do artista.<\/p>\n<h2 class=\"wp-block-heading\">Por Que o Vestido Causou Tanto Impacto?<\/h2>\n<p>A escolha do vestido por Janja Silva vai al\u00e9m do simples gosto est\u00e9tico; representa uma conex\u00e3o entre a arte, a moda e a cultura brasileira em um palco internacional. A visibilidade da pe\u00e7a refor\u00e7a a valoriza\u00e7\u00e3o das cria\u00e7\u00f5es nacionais e traz um olhar atento \u00e0 moda brasileira, mostrando para o mundo a riqueza cultural e art\u00edstica do pa\u00eds.<\/p>\n<h3 class=\"wp-block-heading\">A Import\u00e2ncia do Vestido na Representa\u00e7\u00e3o Nacional<\/h3>\n<p>Vestir uma pe\u00e7a de valor cultural t\u00e3o significativo durante um evento global como a Olimp\u00edada \u00e9 uma forma de exaltar e promover a arte brasileira. Este gesto aproxima a moda das artes pl\u00e1sticas, destacando a colabora\u00e7\u00e3o entre diferentes formas de express\u00e3o art\u00edstica e proje\u00e7\u00f5es culturais.<\/p>\n<p>Ent\u00e3o, quando olhamos para o vestido usado por Janja Silva na abertura da Olimp\u00edada de Paris 2024, n\u00e3o vemos apenas um detalhe de vestu\u00e1rio, mas sim uma pe\u00e7a que carrega consigo hist\u00f3ria, arte e um s\u00edmbolo de representatividade.<\/p>\n<h2 class=\"wp-block-heading\">Quais S\u00e3o as Rea\u00e7\u00f5es do P\u00fablico?<\/h2>\n<p>Nas redes sociais, o p\u00fablico expressou admira\u00e7\u00e3o e surpresa pelo vestido escolhido por Janja. Muitos elogiaram a originalidade e a beleza da pe\u00e7a, enquanto outros destacaram o custo elevado em compara\u00e7\u00e3o ao sal\u00e1rio m\u00ednimo brasileiro. De qualquer forma, a escolha chamou a aten\u00e7\u00e3o e gerou discuss\u00f5es sobre a valoriza\u00e7\u00e3o da moda e da arte brasileiras.<\/p>\n<ul class=\"wp-block-list\">\n<li><strong>Alta-costura com Prop\u00f3sito:<\/strong> A pe\u00e7a revela a import\u00e2ncia da alta-costura em eventos de grande visibilidade.<\/li>\n<li><strong>Promo\u00e7\u00e3o Cultural:<\/strong> Destaca o papel dos eventos internacionais na promo\u00e7\u00e3o da cultura brasileira.<\/li>\n<li><strong>Conex\u00e3o com a Arte:<\/strong> Estimula o di\u00e1logo entre a moda e outras formas de arte como a pintura e a escultura.<\/li>\n<\/ul>\n<p>\u00a0<\/p>\n<\/div>\n<p><br \/>\n<br \/><a href=\"https:\/\/tvfloridausa.com\/2024\/07\/26\/descubra-quanto-custou-o-vestido-carissimo-de-janja-na-abertura-das-olimpiadas\/\">Source link <\/a><\/p>","protected":false},"excerpt":{"rendered":"<p>Foto: Ag\u00eancia Brasil\/Christian Hartmann\/Reuters \/ Claudio Kbene\/PR Nesta sexta-feira (26), tem in\u00edcio a t\u00e3o aguardada Olimp\u00edada de Paris 2024, marcada pela escolha inovadora do Rio Sena como palco da Cerim\u00f4nia&hellip;<\/p>","protected":false},"author":1,"featured_media":9152,"comment_status":"closed","ping_status":"open","sticky":false,"template":"","format":"standard","meta":{"content-type":"","footnotes":""},"categories":[22],"tags":[],"class_list":["post-9151","post","type-post","status-publish","format-standard","has-post-thumbnail","hentry","category-tv-florida-usa"],"_links":{"self":[{"href":"https:\/\/tvbrazilusa.com\/pt\/wp-json\/wp\/v2\/posts\/9151","targetHints":{"allow":["GET"]}}],"collection":[{"href":"https:\/\/tvbrazilusa.com\/pt\/wp-json\/wp\/v2\/posts"}],"about":[{"href":"https:\/\/tvbrazilusa.com\/pt\/wp-json\/wp\/v2\/types\/post"}],"author":[{"embeddable":true,"href":"https:\/\/tvbrazilusa.com\/pt\/wp-json\/wp\/v2\/users\/1"}],"replies":[{"embeddable":true,"href":"https:\/\/tvbrazilusa.com\/pt\/wp-json\/wp\/v2\/comments?post=9151"}],"version-history":[{"count":1,"href":"https:\/\/tvbrazilusa.com\/pt\/wp-json\/wp\/v2\/posts\/9151\/revisions"}],"predecessor-version":[{"id":9153,"href":"https:\/\/tvbrazilusa.com\/pt\/wp-json\/wp\/v2\/posts\/9151\/revisions\/9153"}],"wp:featuredmedia":[{"embeddable":true,"href":"https:\/\/tvbrazilusa.com\/pt\/wp-json\/wp\/v2\/media\/9152"}],"wp:attachment":[{"href":"https:\/\/tvbrazilusa.com\/pt\/wp-json\/wp\/v2\/media?parent=9151"}],"wp:term":[{"taxonomy":"category","embeddable":true,"href":"https:\/\/tvbrazilusa.com\/pt\/wp-json\/wp\/v2\/categories?post=9151"},{"taxonomy":"post_tag","embeddable":true,"href":"https:\/\/tvbrazilusa.com\/pt\/wp-json\/wp\/v2\/tags?post=9151"}],"curies":[{"name":"wp","href":"https:\/\/api.w.org\/{rel}","templated":true}]}}