{"id":91527,"date":"2025-01-14T10:30:48","date_gmt":"2025-01-14T10:30:48","guid":{"rendered":"https:\/\/tvbrazilusa.com\/2025\/01\/14\/jornalista-alema-tenta-entrevistar-moraes-e-acaba-intimidada-pela-pf\/"},"modified":"2025-01-14T10:30:52","modified_gmt":"2025-01-14T10:30:52","slug":"jornalista-alema-tenta-entrevistar-moraes-e-acaba-intimidada-pela-pf","status":"publish","type":"post","link":"https:\/\/tvbrazilusa.com\/pt\/2025\/01\/14\/jornalista-alema-tenta-entrevistar-moraes-e-acaba-intimidada-pela-pf\/","title":{"rendered":"Jornalista alem\u00e3 tenta entrevistar Moraes e acaba intimidada pela PF"},"content":{"rendered":"<p> <script async src=\"https:\/\/pagead2.googlesyndication.com\/pagead\/js\/adsbygoogle.js?client=ca-pub-8864793242727901\"\r\n     crossorigin=\"anonymous\"><\/script><br \/>\n<\/p>\n<div id=\"taboola-read-more\" style=\"display:block; width:100%\">\n<p>A jornalista alem\u00e3 Vicky Richter foi intimidada pela Pol\u00edcia Federal (PF) no Aeroporto Internacional de Bras\u00edlia, depois de tentar entrevistar o ministro Alexandre de Moraes, do Supremo Tribunal Federal (STF).\n<\/p>\n<p>O caso ocorreu em setembro de 2024, quando Vicky veio ao Brasil para gravar entrevistas para o document\u00e1rio Fora Moraes \u2014 A luta do Brasil pela liberdade. A jornalista alem\u00e3 est\u00e1 produzindo o material para denunciar as atua\u00e7\u00f5es do Judici\u00e1rio brasileiro.<\/p>\n<p>Quando foi sair do Brasil, a PF a abordou no Aeroporto de Bras\u00edlia, sob alega\u00e7\u00e3o de que teria entrado no pa\u00eds ilegalmente.\n<\/p>\n<p>\u201cIsso ocorreu depois de eu tentar ligar para Moraes\u201d, contou Vicky, em v\u00eddeo publicado nas redes sociais. \u201cDepois de um tempo no aeroporto, eles me deixaram ir. Porque n\u00e3o havia raz\u00e3o leg\u00edtima para reter meu passaporte.\u201d\n<\/p>\n<p>Oeste tentou entrar em contato com a PF para saber do posicionamento em rela\u00e7\u00e3o \u00e0s afirma\u00e7\u00f5es da jornalista alem\u00e3. A corpora\u00e7\u00e3o n\u00e3o respondeu at\u00e9 o momento.\n<\/p>\n<p>O document\u00e1rio<br \/>Vicky publicou um teaser do document\u00e1rio em seu canal do Instagram. Na mensagem, a jornalista provoca o p\u00fablico com a seguinte coloca\u00e7\u00e3o: \u201cO mundo precisa ver o que est\u00e1 acontecendo. Voc\u00ea vai ouvir?\u201d\n<\/p>\n<p>No Brasil, ela colheu depoimentos de alguns parlamentares, como os deputados federais Marcel van Hattem (Novo-RS), Gustavo Gayer (PL-GO) e Eduardo Bolsonaro (PL-SP), sobre a atua\u00e7\u00e3o do STF.\n<\/p>\n<p>Vicky tentou entrevistar Moraes<br \/>A jornalista disse que tentou entrar em contato com Moraes. De acordo com ela, era necess\u00e1rio \u201couvir o outro lado da hist\u00f3ria\u201d. No entanto, depois de v\u00e1rias liga\u00e7\u00f5es, seu n\u00famero de telefone foi bloqueado. A alem\u00e3, contudo, n\u00e3o desistiu.\n<\/p>\n<p>Ela contou que tentou ligar com outro n\u00famero, mas foi bloqueado novamente. Vicky, ent\u00e3o, mandou um e-mail ao gabinete do ministro do STF, mas os assessores de Moraes negaram a entrevista.\n<\/p>\n<p>Pelas redes sociais, a jornalista disse que a recusa de Moraes em conceder a entrevista \u201cn\u00e3o passar\u00e1 despercebida\u201d e que \u201cestar\u00e1 em destaque no document\u00e1rio\u201d. \u201cJuntamente de outros pol\u00edticos de esquerda, que tamb\u00e9m n\u00e3o concederam entrevista.\u201d\n<\/p>\n<p>Vicky diz que o mundo testemunha \u201cas tend\u00eancias autorit\u00e1rias de Moraes\u201d<br \/>Ainda de acordo com Vicky, \u201co mundo testemunha a covardia subjacente daqueles que flertam com a esquerda, bem como as tend\u00eancias autorit\u00e1rias de Moraes\u201d. Ao falar sobre as contas de parlamentares no Twitter\/X censuradas pelo ministro, a jornalista afirmou tratar-se de \u201cum momento desolador para a liberdade de express\u00e3o no Brasil\u201d.\n<\/p>\n<p>Vicky n\u00e3o foi a primeira jornalista do exterior a ser intimidade em aeroportos brasileiros. Em 25 fevereiro de 2024, a PF deteve o jornalista portugu\u00eas S\u00e9rgio Tavares, quando ele tentou entrar no Brasil pelo Aeroporto Internacional de Guarulhos, em S\u00e3o Paulo.\n<\/p>\n<p>Ele havia viajado ao pa\u00eds para cobrir a manifesta\u00e7\u00e3o em apoio ao ex-presidente Jair Bolsonaro, que ocorreu na Avenida Paulista.\u00a0 \u00c0 \u00e9poca, o jornalista portugu\u00eas disse que a a\u00e7\u00e3o da PF seria em raz\u00e3o de suas declara\u00e7\u00f5es sobre \u201curnas, fraude eleitoral, ditadura do Judici\u00e1rio e vacinas\u201d.<\/p>\n<p>Fonte: Revista Oeste              <\/p>\n<\/div>\n<p><br \/>\n<br \/><a href=\"https:\/\/diariodobrasilnoticias.com.br\/noticia\/jornalista-alema-tenta-entrevistar-moraes-e-acaba-intimidada-pela-pf-67863b55d74a6\">Source link <\/a><\/p>","protected":false},"excerpt":{"rendered":"<p>A jornalista alem\u00e3 Vicky Richter foi intimidada pela Pol\u00edcia Federal (PF) no Aeroporto Internacional de Bras\u00edlia, depois de tentar entrevistar o ministro Alexandre de Moraes, do Supremo Tribunal Federal (STF).&hellip;<\/p>","protected":false},"author":1,"featured_media":91528,"comment_status":"closed","ping_status":"open","sticky":false,"template":"","format":"standard","meta":{"content-type":"","footnotes":""},"categories":[16],"tags":[123,2448,5313,1267],"class_list":["post-91527","post","type-post","status-publish","format-standard","has-post-thumbnail","hentry","category-noticias","tag-brasil","tag-diario","tag-noticia","tag-noticias"],"_links":{"self":[{"href":"https:\/\/tvbrazilusa.com\/pt\/wp-json\/wp\/v2\/posts\/91527","targetHints":{"allow":["GET"]}}],"collection":[{"href":"https:\/\/tvbrazilusa.com\/pt\/wp-json\/wp\/v2\/posts"}],"about":[{"href":"https:\/\/tvbrazilusa.com\/pt\/wp-json\/wp\/v2\/types\/post"}],"author":[{"embeddable":true,"href":"https:\/\/tvbrazilusa.com\/pt\/wp-json\/wp\/v2\/users\/1"}],"replies":[{"embeddable":true,"href":"https:\/\/tvbrazilusa.com\/pt\/wp-json\/wp\/v2\/comments?post=91527"}],"version-history":[{"count":1,"href":"https:\/\/tvbrazilusa.com\/pt\/wp-json\/wp\/v2\/posts\/91527\/revisions"}],"predecessor-version":[{"id":91529,"href":"https:\/\/tvbrazilusa.com\/pt\/wp-json\/wp\/v2\/posts\/91527\/revisions\/91529"}],"wp:featuredmedia":[{"embeddable":true,"href":"https:\/\/tvbrazilusa.com\/pt\/wp-json\/wp\/v2\/media\/91528"}],"wp:attachment":[{"href":"https:\/\/tvbrazilusa.com\/pt\/wp-json\/wp\/v2\/media?parent=91527"}],"wp:term":[{"taxonomy":"category","embeddable":true,"href":"https:\/\/tvbrazilusa.com\/pt\/wp-json\/wp\/v2\/categories?post=91527"},{"taxonomy":"post_tag","embeddable":true,"href":"https:\/\/tvbrazilusa.com\/pt\/wp-json\/wp\/v2\/tags?post=91527"}],"curies":[{"name":"wp","href":"https:\/\/api.w.org\/{rel}","templated":true}]}}